{"id":765,"date":"2024-01-19T15:02:15","date_gmt":"2024-01-19T14:02:15","guid":{"rendered":"https:\/\/lesmanufacturiers.fr\/?p=765"},"modified":"2024-02-01T09:32:04","modified_gmt":"2024-02-01T08:32:04","slug":"les-manufacturiers-souhaitent-faire-vivre-leconomie-locale-avec-leur-nouveau-projet-immobilier-dedie-aux-professionnels-a-villeneuve-les-beziers","status":"publish","type":"post","link":"https:\/\/lesmanufacturiers.fr\/index.php\/2024\/01\/19\/les-manufacturiers-souhaitent-faire-vivre-leconomie-locale-avec-leur-nouveau-projet-immobilier-dedie-aux-professionnels-a-villeneuve-les-beziers\/","title":{"rendered":"Les Manufacturiers souhaitent faire vivre l\u2019\u00e9conomie locale avec leur nouveau projet immobilier d\u00e9di\u00e9 aux professionnels \u00e0 Villeneuve-les-B\u00e9ziers.\u00a0\u00a0"},"content":{"rendered":"\n<figure class=\"wp-block-image size-large\"><img loading=\"lazy\" decoding=\"async\" width=\"1024\" height=\"540\" src=\"https:\/\/lesmanufacturiers.fr\/wp-content\/uploads\/2024\/01\/image-1024x540.jpeg\" alt=\"\" class=\"wp-image-766\" srcset=\"https:\/\/lesmanufacturiers.fr\/wp-content\/uploads\/2024\/01\/image-1024x540.jpeg 1024w, https:\/\/lesmanufacturiers.fr\/wp-content\/uploads\/2024\/01\/image-300x158.jpeg 300w, https:\/\/lesmanufacturiers.fr\/wp-content\/uploads\/2024\/01\/image-768x405.jpeg 768w, https:\/\/lesmanufacturiers.fr\/wp-content\/uploads\/2024\/01\/image-1536x809.jpeg 1536w, https:\/\/lesmanufacturiers.fr\/wp-content\/uploads\/2024\/01\/image.jpeg 1600w\" sizes=\"auto, (max-width: 1024px) 100vw, 1024px\" \/><\/figure>\n\n\n\n<p class=\"has-text-align-right has-black-color has-text-color has-link-color wp-elements-f90de9df56d44b7db04bc374c0bcaaaa\"><strong>Le 17 janvier 2024,\u00a0<\/strong>\u00a0<\/p>\n\n\n\n<p class=\"has-text-align-left has-black-color has-text-color has-link-color wp-elements-7a2a694239dda7c5a542046a3915ed90\"><em>Villeneuve-les-B\u00e9ziers s\u2019appr\u00eate \u00e0 accueillir son nouveau programme immobilier d\u00e9di\u00e9 aux professionnels sign\u00e9 <\/em><strong><em>Les Manufacturiers<\/em><\/strong><em>. Ce nouveau complexe professionnel accueillant bureaux et locaux d&#8217;activit\u00e9s offrira de nouvelles opportunit\u00e9s d\u2019implantation <\/em><em>\u00e0 tous les entrepreneurs et professionnels de la r\u00e9gion Occitanie ouvrant ainsi les portes \u00e0 une centaine d\u2019emploi. <\/em><em>Le budget global de cette op\u00e9ration s\u2019\u00e9l\u00e8ve \u00e0 <\/em><strong><em>6 millions d&#8217;euros<\/em><\/strong><em>, avec une date de livraison pr\u00e9vue au <\/em><strong><em>1er trimestre 2025<\/em><\/strong><em>.<\/em>&nbsp;<\/p>\n\n\n\n<p class=\"has-text-align-left has-black-color has-text-color has-link-color wp-elements-7c31e9c0ffb0237ae7c31b28c1b97eb0\"><strong>Un projet favorisant la diversit\u00e9 des activit\u00e9s<\/strong>&nbsp;<\/p>\n\n\n\n<p class=\"has-text-align-left has-black-color has-text-color has-link-color wp-elements-6fca7b4960e4fb5319736a8f6fc4ffbf\">C\u2019est \u00e0 proximit\u00e9 de B\u00e9ziers que le programme Les Manufacturiers a d\u00e9cid\u00e9 de s\u2019implanter. Disponible \u00e0 l\u2019achat ou \u00e0 la location , des<strong> bureaux <\/strong>et des<strong> locaux d&#8217;activit\u00e9s modulables<\/strong>, offrant respectivemet des superficies de 60 \u00e0 1000m2 et de 271m\u00b2 \u00e0 1724m\u00b2&nbsp; vendus de 1 300\u20ac \u00e0 2 150\u20ac du m\u00b2.&nbsp;&nbsp;<\/p>\n\n\n\n<p class=\"has-text-align-left has-black-color has-text-color has-link-color wp-elements-d563287777aa7e00b66a2261caed1aec\">Les Manufacturiers sont pr\u00eats \u00e0 accueillir une multitude d&#8217;activit\u00e9s, refl\u00e9tant ainsi la richesse et la diversit\u00e9 des professionnels locaux.&nbsp;<\/p>\n\n\n\n<blockquote class=\"wp-block-quote is-style-default is-layout-flow wp-block-quote-is-layout-flow\">\n<p class=\"has-text-align-left has-text-color has-link-color wp-elements-ba357a312319a82e3f28a302d9dde77c\" style=\"color:#1c859e\"><strong><em>&#8220;Nous croyons que l&#8217;immobilier d&#8217;entreprise peut et devrait \u00eatre bien plus que des murs et des bureaux. C&#8217;est un lieu o\u00f9 naissent les collaborations, o\u00f9 les id\u00e9es prennent vie, et o\u00f9 les professionnels peuvent s&#8217;\u00e9panouir.&#8221;<\/em><\/strong><em> <\/em>d\u00e9clare Nicolas Darne, associ\u00e9 Les Manufacturiers. <\/p>\n<\/blockquote>\n\n\n\n<p class=\"has-text-align-left has-black-color has-text-color has-link-color wp-elements-553714e2674e55b0b966053dcd40cd8e\">Les Manufacturiers repr\u00e9sentent une belle opportunit\u00e9 pour les TPE et PME de Villeneuve-les-B\u00e9ziers et de ses alentours afin de repenser leurs espaces de travail, de s&#8217;immerger dans un \u00e9cosyst\u00e8me dynamique pour participer \u00e0 l&#8217;essor \u00e9conomique de la r\u00e9gion.&nbsp;&nbsp;&nbsp;<\/p>\n\n\n\n<p class=\"has-text-align-left has-black-color has-text-color has-link-color wp-elements-4d1cf64ff277d912cef4f018063d9822\"><strong>Une nouvelle r\u00e9alisation alliant fonctionnalit\u00e9, \u00e9conomie et \u00e9cologie&nbsp;<\/strong>&nbsp;<\/p>\n\n\n\n<p class=\"has-text-align-left has-black-color has-text-color has-link-color wp-elements-fe4876beab50fd16a5a1e53fd4dc103a\">Avec un acc\u00e8s direct aux autoroutes <strong>A75 et A9<\/strong>, Les Manufacturiers s\u2019int\u00e8gre dans un environnement commercial \u00e0 l\u2019entr\u00e9e de la ZAC de la Montagnette, actuellement en pleine mutation et diversification.&nbsp;&nbsp;<\/p>\n\n\n\n<p class=\"has-text-align-left has-black-color has-text-color has-link-color wp-elements-249697f14ed3e7cba80e9b333ae9194b\">Parmi les caract\u00e9ristiques notables de cette r\u00e9alisation, nous retrouvons des espaces modulables pour r\u00e9pondre aux besoins sp\u00e9cifiques de chaque professionnel, des acc\u00e8s directs en stationnement assurant une accessibilit\u00e9 optimale, y compris pour les personnes \u00e0 mobilit\u00e9 r\u00e9duite (PMR). Le projet int\u00e8gre \u00e9galement une approche \u00e9cologique avec une toiture \u00e9quip\u00e9e de panneaux photovolta\u00efques, favorisant ainsi la production d&#8217;\u00e9nergie renouvelable. En anticipant les besoins futurs, une pr\u00e9-installation de dispositifs de recharge pour v\u00e9hicules \u00e9lectriques est \u00e9galement pr\u00e9vue.\u00a0\u00a0<\/p>\n\n\n\n<p><\/p>\n\n\n\n<p class=\"has-black-color has-text-color has-link-color has-small-font-size wp-elements-038c1519a0ce0a52259d5a9a115db90f\" style=\"padding-top:0;padding-right:0;padding-bottom:0;padding-left:0\">Contact presse : <\/p>\n\n\n\n<p class=\"has-black-color has-text-color has-link-color has-small-font-size wp-elements-a5bc75d901837b7058d5669accfbdfe4\" style=\"padding-top:0;padding-right:0;padding-bottom:0;padding-left:0\">Julie Ceranic <\/p>\n\n\n\n<p class=\"has-black-color has-text-color has-link-color has-small-font-size wp-elements-cab129fc25a0ac347a9483557c062289\" style=\"padding-top:0;padding-right:0;padding-bottom:0;padding-left:0\">j.ceranic@bloke.fr<\/p>\n\n\n\n<p class=\"has-black-color has-text-color has-link-color has-small-font-size wp-elements-e77746df74789bcb6cd3ba800c17ca31\" style=\"padding-top:0;padding-right:0;padding-bottom:0;padding-left:0\">07.81.93.57.90<\/p>\n","protected":false},"excerpt":{"rendered":"<p>Le 17 janvier 2024,\u00a0\u00a0 Villeneuve-les-B\u00e9ziers s\u2019appr\u00eate \u00e0 accueillir son nouveau programme immobilier d\u00e9di\u00e9 aux professionnels sign\u00e9 Les Manufacturiers. Ce nouveau complexe professionnel accueillant bureaux et locaux d&#8217;activit\u00e9s offrira de nouvelles opportunit\u00e9s d\u2019implantation \u00e0 tous les entrepreneurs et professionnels de la r\u00e9gion Occitanie ouvrant ainsi les portes \u00e0 une centaine d\u2019emploi. Le budget global de cette [&hellip;]<\/p>\n","protected":false},"author":1,"featured_media":0,"comment_status":"open","ping_status":"open","sticky":false,"template":"","format":"standard","meta":{"footnotes":""},"categories":[17],"tags":[],"class_list":["post-765","post","type-post","status-publish","format-standard","hentry","category-communique-de-presse"],"blocksy_meta":"","yoast_head":"<!-- This site is optimized with the Yoast SEO plugin v21.3 - https:\/\/yoast.com\/wordpress\/plugins\/seo\/ -->\n<title>Les Manufacturiers souhaitent faire vivre l\u2019\u00e9conomie locale avec leur nouveau projet immobilier d\u00e9di\u00e9 aux professionnels \u00e0 Villeneuve-les-B\u00e9ziers.\u00a0\u00a0 - Les manufacturiers<\/title>\n<meta name=\"robots\" content=\"index, follow, max-snippet:-1, max-image-preview:large, max-video-preview:-1\" \/>\n<link rel=\"canonical\" href=\"https:\/\/lesmanufacturiers.fr\/index.php\/2024\/01\/19\/les-manufacturiers-souhaitent-faire-vivre-leconomie-locale-avec-leur-nouveau-projet-immobilier-dedie-aux-professionnels-a-villeneuve-les-beziers\/\" \/>\n<meta property=\"og:locale\" content=\"en_US\" \/>\n<meta property=\"og:type\" content=\"article\" \/>\n<meta property=\"og:title\" content=\"Les Manufacturiers souhaitent faire vivre l\u2019\u00e9conomie locale avec leur nouveau projet immobilier d\u00e9di\u00e9 aux professionnels \u00e0 Villeneuve-les-B\u00e9ziers.\u00a0\u00a0 - Les manufacturiers\" \/>\n<meta property=\"og:description\" content=\"Le 17 janvier 2024,\u00a0\u00a0 Villeneuve-les-B\u00e9ziers s\u2019appr\u00eate \u00e0 accueillir son nouveau programme immobilier d\u00e9di\u00e9 aux professionnels sign\u00e9 Les Manufacturiers. Ce nouveau complexe professionnel accueillant bureaux et locaux d&#8217;activit\u00e9s offrira de nouvelles opportunit\u00e9s d\u2019implantation \u00e0 tous les entrepreneurs et professionnels de la r\u00e9gion Occitanie ouvrant ainsi les portes \u00e0 une centaine d\u2019emploi. Le budget global de cette [&hellip;]\" \/>\n<meta property=\"og:url\" content=\"https:\/\/lesmanufacturiers.fr\/index.php\/2024\/01\/19\/les-manufacturiers-souhaitent-faire-vivre-leconomie-locale-avec-leur-nouveau-projet-immobilier-dedie-aux-professionnels-a-villeneuve-les-beziers\/\" \/>\n<meta property=\"og:site_name\" content=\"Les manufacturiers\" \/>\n<meta property=\"article:publisher\" content=\"https:\/\/www.facebook.com\/profile.php?id=61551785083090\" \/>\n<meta property=\"article:published_time\" content=\"2024-01-19T14:02:15+00:00\" \/>\n<meta property=\"article:modified_time\" content=\"2024-02-01T08:32:04+00:00\" \/>\n<meta property=\"og:image\" content=\"https:\/\/lesmanufacturiers.fr\/wp-content\/uploads\/2024\/01\/image-1024x540.jpeg\" \/>\n<meta name=\"author\" content=\"admin5261\" \/>\n<meta name=\"twitter:card\" content=\"summary_large_image\" \/>\n<meta name=\"twitter:label1\" content=\"Written by\" \/>\n\t<meta name=\"twitter:data1\" content=\"admin5261\" \/>\n\t<meta name=\"twitter:label2\" content=\"Est. reading time\" \/>\n\t<meta name=\"twitter:data2\" content=\"2 minutes\" \/>\n<script type=\"application\/ld+json\" class=\"yoast-schema-graph\">{\"@context\":\"https:\/\/schema.org\",\"@graph\":[{\"@type\":\"Article\",\"@id\":\"https:\/\/lesmanufacturiers.fr\/index.php\/2024\/01\/19\/les-manufacturiers-souhaitent-faire-vivre-leconomie-locale-avec-leur-nouveau-projet-immobilier-dedie-aux-professionnels-a-villeneuve-les-beziers\/#article\",\"isPartOf\":{\"@id\":\"https:\/\/lesmanufacturiers.fr\/index.php\/2024\/01\/19\/les-manufacturiers-souhaitent-faire-vivre-leconomie-locale-avec-leur-nouveau-projet-immobilier-dedie-aux-professionnels-a-villeneuve-les-beziers\/\"},\"author\":{\"name\":\"admin5261\",\"@id\":\"https:\/\/lesmanufacturiers.fr\/#\/schema\/person\/80e494427d6550ab33c0f7c5a89be7ea\"},\"headline\":\"Les Manufacturiers souhaitent faire vivre l\u2019\u00e9conomie locale avec leur nouveau projet immobilier d\u00e9di\u00e9 aux professionnels \u00e0 Villeneuve-les-B\u00e9ziers.\u00a0\u00a0\",\"datePublished\":\"2024-01-19T14:02:15+00:00\",\"dateModified\":\"2024-02-01T08:32:04+00:00\",\"mainEntityOfPage\":{\"@id\":\"https:\/\/lesmanufacturiers.fr\/index.php\/2024\/01\/19\/les-manufacturiers-souhaitent-faire-vivre-leconomie-locale-avec-leur-nouveau-projet-immobilier-dedie-aux-professionnels-a-villeneuve-les-beziers\/\"},\"wordCount\":405,\"commentCount\":0,\"publisher\":{\"@id\":\"https:\/\/lesmanufacturiers.fr\/#organization\"},\"articleSection\":[\"Communiqu\u00e9 de presse\"],\"inLanguage\":\"en-US\",\"potentialAction\":[{\"@type\":\"CommentAction\",\"name\":\"Comment\",\"target\":[\"https:\/\/lesmanufacturiers.fr\/index.php\/2024\/01\/19\/les-manufacturiers-souhaitent-faire-vivre-leconomie-locale-avec-leur-nouveau-projet-immobilier-dedie-aux-professionnels-a-villeneuve-les-beziers\/#respond\"]}]},{\"@type\":\"WebPage\",\"@id\":\"https:\/\/lesmanufacturiers.fr\/index.php\/2024\/01\/19\/les-manufacturiers-souhaitent-faire-vivre-leconomie-locale-avec-leur-nouveau-projet-immobilier-dedie-aux-professionnels-a-villeneuve-les-beziers\/\",\"url\":\"https:\/\/lesmanufacturiers.fr\/index.php\/2024\/01\/19\/les-manufacturiers-souhaitent-faire-vivre-leconomie-locale-avec-leur-nouveau-projet-immobilier-dedie-aux-professionnels-a-villeneuve-les-beziers\/\",\"name\":\"Les Manufacturiers souhaitent faire vivre l\u2019\u00e9conomie locale avec leur nouveau projet immobilier d\u00e9di\u00e9 aux professionnels \u00e0 Villeneuve-les-B\u00e9ziers.\u00a0\u00a0 - Les manufacturiers\",\"isPartOf\":{\"@id\":\"https:\/\/lesmanufacturiers.fr\/#website\"},\"datePublished\":\"2024-01-19T14:02:15+00:00\",\"dateModified\":\"2024-02-01T08:32:04+00:00\",\"breadcrumb\":{\"@id\":\"https:\/\/lesmanufacturiers.fr\/index.php\/2024\/01\/19\/les-manufacturiers-souhaitent-faire-vivre-leconomie-locale-avec-leur-nouveau-projet-immobilier-dedie-aux-professionnels-a-villeneuve-les-beziers\/#breadcrumb\"},\"inLanguage\":\"en-US\",\"potentialAction\":[{\"@type\":\"ReadAction\",\"target\":[\"https:\/\/lesmanufacturiers.fr\/index.php\/2024\/01\/19\/les-manufacturiers-souhaitent-faire-vivre-leconomie-locale-avec-leur-nouveau-projet-immobilier-dedie-aux-professionnels-a-villeneuve-les-beziers\/\"]}]},{\"@type\":\"BreadcrumbList\",\"@id\":\"https:\/\/lesmanufacturiers.fr\/index.php\/2024\/01\/19\/les-manufacturiers-souhaitent-faire-vivre-leconomie-locale-avec-leur-nouveau-projet-immobilier-dedie-aux-professionnels-a-villeneuve-les-beziers\/#breadcrumb\",\"itemListElement\":[{\"@type\":\"ListItem\",\"position\":1,\"name\":\"Accueil\",\"item\":\"https:\/\/lesmanufacturiers.fr\/\"},{\"@type\":\"ListItem\",\"position\":2,\"name\":\"Les Manufacturiers souhaitent faire vivre l\u2019\u00e9conomie locale avec leur nouveau projet immobilier d\u00e9di\u00e9 aux professionnels \u00e0 Villeneuve-les-B\u00e9ziers.\u00a0\u00a0\"}]},{\"@type\":\"WebSite\",\"@id\":\"https:\/\/lesmanufacturiers.fr\/#website\",\"url\":\"https:\/\/lesmanufacturiers.fr\/\",\"name\":\"Les manufacturiers\",\"description\":\"Villeneuve-les-B\u00e9ziers\",\"publisher\":{\"@id\":\"https:\/\/lesmanufacturiers.fr\/#organization\"},\"potentialAction\":[{\"@type\":\"SearchAction\",\"target\":{\"@type\":\"EntryPoint\",\"urlTemplate\":\"https:\/\/lesmanufacturiers.fr\/?s={search_term_string}\"},\"query-input\":\"required name=search_term_string\"}],\"inLanguage\":\"en-US\"},{\"@type\":\"Organization\",\"@id\":\"https:\/\/lesmanufacturiers.fr\/#organization\",\"name\":\"Les Manufacturiers\",\"alternateName\":\"LM\",\"url\":\"https:\/\/lesmanufacturiers.fr\/\",\"logo\":{\"@type\":\"ImageObject\",\"inLanguage\":\"en-US\",\"@id\":\"https:\/\/lesmanufacturiers.fr\/#\/schema\/logo\/image\/\",\"url\":\"https:\/\/lesmanufacturiers.fr\/wp-content\/uploads\/2023\/09\/les-manufacturiers_logo-final_blanccouleurs_fond-noir_rvb-Copie-scaled.jpg\",\"contentUrl\":\"https:\/\/lesmanufacturiers.fr\/wp-content\/uploads\/2023\/09\/les-manufacturiers_logo-final_blanccouleurs_fond-noir_rvb-Copie-scaled.jpg\",\"width\":2560,\"height\":1813,\"caption\":\"Les Manufacturiers\"},\"image\":{\"@id\":\"https:\/\/lesmanufacturiers.fr\/#\/schema\/logo\/image\/\"},\"sameAs\":[\"https:\/\/www.facebook.com\/profile.php?id=61551785083090\",\"https:\/\/www.instagram.com\/lesmanufacturiers_\/\"]},{\"@type\":\"Person\",\"@id\":\"https:\/\/lesmanufacturiers.fr\/#\/schema\/person\/80e494427d6550ab33c0f7c5a89be7ea\",\"name\":\"admin5261\",\"image\":{\"@type\":\"ImageObject\",\"inLanguage\":\"en-US\",\"@id\":\"https:\/\/lesmanufacturiers.fr\/#\/schema\/person\/image\/\",\"url\":\"https:\/\/secure.gravatar.com\/avatar\/87670d0566c1e8966aabe752688c2462c216523c6575180030cb9f821c34acee?s=96&d=mm&r=g\",\"contentUrl\":\"https:\/\/secure.gravatar.com\/avatar\/87670d0566c1e8966aabe752688c2462c216523c6575180030cb9f821c34acee?s=96&d=mm&r=g\",\"caption\":\"admin5261\"},\"sameAs\":[\"http:\/\/lesmanufacturiers.fr\"],\"url\":\"https:\/\/lesmanufacturiers.fr\/index.php\/author\/admin5261\/\"}]}<\/script>\n<!-- \/ Yoast SEO plugin. -->","yoast_head_json":{"title":"Les Manufacturiers souhaitent faire vivre l\u2019\u00e9conomie locale avec leur nouveau projet immobilier d\u00e9di\u00e9 aux professionnels \u00e0 Villeneuve-les-B\u00e9ziers.\u00a0\u00a0 - Les manufacturiers","robots":{"index":"index","follow":"follow","max-snippet":"max-snippet:-1","max-image-preview":"max-image-preview:large","max-video-preview":"max-video-preview:-1"},"canonical":"https:\/\/lesmanufacturiers.fr\/index.php\/2024\/01\/19\/les-manufacturiers-souhaitent-faire-vivre-leconomie-locale-avec-leur-nouveau-projet-immobilier-dedie-aux-professionnels-a-villeneuve-les-beziers\/","og_locale":"en_US","og_type":"article","og_title":"Les Manufacturiers souhaitent faire vivre l\u2019\u00e9conomie locale avec leur nouveau projet immobilier d\u00e9di\u00e9 aux professionnels \u00e0 Villeneuve-les-B\u00e9ziers.\u00a0\u00a0 - Les manufacturiers","og_description":"Le 17 janvier 2024,\u00a0\u00a0 Villeneuve-les-B\u00e9ziers s\u2019appr\u00eate \u00e0 accueillir son nouveau programme immobilier d\u00e9di\u00e9 aux professionnels sign\u00e9 Les Manufacturiers. Ce nouveau complexe professionnel accueillant bureaux et locaux d&#8217;activit\u00e9s offrira de nouvelles opportunit\u00e9s d\u2019implantation \u00e0 tous les entrepreneurs et professionnels de la r\u00e9gion Occitanie ouvrant ainsi les portes \u00e0 une centaine d\u2019emploi. Le budget global de cette [&hellip;]","og_url":"https:\/\/lesmanufacturiers.fr\/index.php\/2024\/01\/19\/les-manufacturiers-souhaitent-faire-vivre-leconomie-locale-avec-leur-nouveau-projet-immobilier-dedie-aux-professionnels-a-villeneuve-les-beziers\/","og_site_name":"Les manufacturiers","article_publisher":"https:\/\/www.facebook.com\/profile.php?id=61551785083090","article_published_time":"2024-01-19T14:02:15+00:00","article_modified_time":"2024-02-01T08:32:04+00:00","og_image":[{"url":"https:\/\/lesmanufacturiers.fr\/wp-content\/uploads\/2024\/01\/image-1024x540.jpeg"}],"author":"admin5261","twitter_card":"summary_large_image","twitter_misc":{"Written by":"admin5261","Est. reading time":"2 minutes"},"schema":{"@context":"https:\/\/schema.org","@graph":[{"@type":"Article","@id":"https:\/\/lesmanufacturiers.fr\/index.php\/2024\/01\/19\/les-manufacturiers-souhaitent-faire-vivre-leconomie-locale-avec-leur-nouveau-projet-immobilier-dedie-aux-professionnels-a-villeneuve-les-beziers\/#article","isPartOf":{"@id":"https:\/\/lesmanufacturiers.fr\/index.php\/2024\/01\/19\/les-manufacturiers-souhaitent-faire-vivre-leconomie-locale-avec-leur-nouveau-projet-immobilier-dedie-aux-professionnels-a-villeneuve-les-beziers\/"},"author":{"name":"admin5261","@id":"https:\/\/lesmanufacturiers.fr\/#\/schema\/person\/80e494427d6550ab33c0f7c5a89be7ea"},"headline":"Les Manufacturiers souhaitent faire vivre l\u2019\u00e9conomie locale avec leur nouveau projet immobilier d\u00e9di\u00e9 aux professionnels \u00e0 Villeneuve-les-B\u00e9ziers.\u00a0\u00a0","datePublished":"2024-01-19T14:02:15+00:00","dateModified":"2024-02-01T08:32:04+00:00","mainEntityOfPage":{"@id":"https:\/\/lesmanufacturiers.fr\/index.php\/2024\/01\/19\/les-manufacturiers-souhaitent-faire-vivre-leconomie-locale-avec-leur-nouveau-projet-immobilier-dedie-aux-professionnels-a-villeneuve-les-beziers\/"},"wordCount":405,"commentCount":0,"publisher":{"@id":"https:\/\/lesmanufacturiers.fr\/#organization"},"articleSection":["Communiqu\u00e9 de presse"],"inLanguage":"en-US","potentialAction":[{"@type":"CommentAction","name":"Comment","target":["https:\/\/lesmanufacturiers.fr\/index.php\/2024\/01\/19\/les-manufacturiers-souhaitent-faire-vivre-leconomie-locale-avec-leur-nouveau-projet-immobilier-dedie-aux-professionnels-a-villeneuve-les-beziers\/#respond"]}]},{"@type":"WebPage","@id":"https:\/\/lesmanufacturiers.fr\/index.php\/2024\/01\/19\/les-manufacturiers-souhaitent-faire-vivre-leconomie-locale-avec-leur-nouveau-projet-immobilier-dedie-aux-professionnels-a-villeneuve-les-beziers\/","url":"https:\/\/lesmanufacturiers.fr\/index.php\/2024\/01\/19\/les-manufacturiers-souhaitent-faire-vivre-leconomie-locale-avec-leur-nouveau-projet-immobilier-dedie-aux-professionnels-a-villeneuve-les-beziers\/","name":"Les Manufacturiers souhaitent faire vivre l\u2019\u00e9conomie locale avec leur nouveau projet immobilier d\u00e9di\u00e9 aux professionnels \u00e0 Villeneuve-les-B\u00e9ziers.\u00a0\u00a0 - Les manufacturiers","isPartOf":{"@id":"https:\/\/lesmanufacturiers.fr\/#website"},"datePublished":"2024-01-19T14:02:15+00:00","dateModified":"2024-02-01T08:32:04+00:00","breadcrumb":{"@id":"https:\/\/lesmanufacturiers.fr\/index.php\/2024\/01\/19\/les-manufacturiers-souhaitent-faire-vivre-leconomie-locale-avec-leur-nouveau-projet-immobilier-dedie-aux-professionnels-a-villeneuve-les-beziers\/#breadcrumb"},"inLanguage":"en-US","potentialAction":[{"@type":"ReadAction","target":["https:\/\/lesmanufacturiers.fr\/index.php\/2024\/01\/19\/les-manufacturiers-souhaitent-faire-vivre-leconomie-locale-avec-leur-nouveau-projet-immobilier-dedie-aux-professionnels-a-villeneuve-les-beziers\/"]}]},{"@type":"BreadcrumbList","@id":"https:\/\/lesmanufacturiers.fr\/index.php\/2024\/01\/19\/les-manufacturiers-souhaitent-faire-vivre-leconomie-locale-avec-leur-nouveau-projet-immobilier-dedie-aux-professionnels-a-villeneuve-les-beziers\/#breadcrumb","itemListElement":[{"@type":"ListItem","position":1,"name":"Accueil","item":"https:\/\/lesmanufacturiers.fr\/"},{"@type":"ListItem","position":2,"name":"Les Manufacturiers souhaitent faire vivre l\u2019\u00e9conomie locale avec leur nouveau projet immobilier d\u00e9di\u00e9 aux professionnels \u00e0 Villeneuve-les-B\u00e9ziers.\u00a0\u00a0"}]},{"@type":"WebSite","@id":"https:\/\/lesmanufacturiers.fr\/#website","url":"https:\/\/lesmanufacturiers.fr\/","name":"Les manufacturiers","description":"Villeneuve-les-B\u00e9ziers","publisher":{"@id":"https:\/\/lesmanufacturiers.fr\/#organization"},"potentialAction":[{"@type":"SearchAction","target":{"@type":"EntryPoint","urlTemplate":"https:\/\/lesmanufacturiers.fr\/?s={search_term_string}"},"query-input":"required name=search_term_string"}],"inLanguage":"en-US"},{"@type":"Organization","@id":"https:\/\/lesmanufacturiers.fr\/#organization","name":"Les Manufacturiers","alternateName":"LM","url":"https:\/\/lesmanufacturiers.fr\/","logo":{"@type":"ImageObject","inLanguage":"en-US","@id":"https:\/\/lesmanufacturiers.fr\/#\/schema\/logo\/image\/","url":"https:\/\/lesmanufacturiers.fr\/wp-content\/uploads\/2023\/09\/les-manufacturiers_logo-final_blanccouleurs_fond-noir_rvb-Copie-scaled.jpg","contentUrl":"https:\/\/lesmanufacturiers.fr\/wp-content\/uploads\/2023\/09\/les-manufacturiers_logo-final_blanccouleurs_fond-noir_rvb-Copie-scaled.jpg","width":2560,"height":1813,"caption":"Les Manufacturiers"},"image":{"@id":"https:\/\/lesmanufacturiers.fr\/#\/schema\/logo\/image\/"},"sameAs":["https:\/\/www.facebook.com\/profile.php?id=61551785083090","https:\/\/www.instagram.com\/lesmanufacturiers_\/"]},{"@type":"Person","@id":"https:\/\/lesmanufacturiers.fr\/#\/schema\/person\/80e494427d6550ab33c0f7c5a89be7ea","name":"admin5261","image":{"@type":"ImageObject","inLanguage":"en-US","@id":"https:\/\/lesmanufacturiers.fr\/#\/schema\/person\/image\/","url":"https:\/\/secure.gravatar.com\/avatar\/87670d0566c1e8966aabe752688c2462c216523c6575180030cb9f821c34acee?s=96&d=mm&r=g","contentUrl":"https:\/\/secure.gravatar.com\/avatar\/87670d0566c1e8966aabe752688c2462c216523c6575180030cb9f821c34acee?s=96&d=mm&r=g","caption":"admin5261"},"sameAs":["http:\/\/lesmanufacturiers.fr"],"url":"https:\/\/lesmanufacturiers.fr\/index.php\/author\/admin5261\/"}]}},"_links":{"self":[{"href":"https:\/\/lesmanufacturiers.fr\/index.php\/wp-json\/wp\/v2\/posts\/765","targetHints":{"allow":["GET"]}}],"collection":[{"href":"https:\/\/lesmanufacturiers.fr\/index.php\/wp-json\/wp\/v2\/posts"}],"about":[{"href":"https:\/\/lesmanufacturiers.fr\/index.php\/wp-json\/wp\/v2\/types\/post"}],"author":[{"embeddable":true,"href":"https:\/\/lesmanufacturiers.fr\/index.php\/wp-json\/wp\/v2\/users\/1"}],"replies":[{"embeddable":true,"href":"https:\/\/lesmanufacturiers.fr\/index.php\/wp-json\/wp\/v2\/comments?post=765"}],"version-history":[{"count":5,"href":"https:\/\/lesmanufacturiers.fr\/index.php\/wp-json\/wp\/v2\/posts\/765\/revisions"}],"predecessor-version":[{"id":781,"href":"https:\/\/lesmanufacturiers.fr\/index.php\/wp-json\/wp\/v2\/posts\/765\/revisions\/781"}],"wp:attachment":[{"href":"https:\/\/lesmanufacturiers.fr\/index.php\/wp-json\/wp\/v2\/media?parent=765"}],"wp:term":[{"taxonomy":"category","embeddable":true,"href":"https:\/\/lesmanufacturiers.fr\/index.php\/wp-json\/wp\/v2\/categories?post=765"},{"taxonomy":"post_tag","embeddable":true,"href":"https:\/\/lesmanufacturiers.fr\/index.php\/wp-json\/wp\/v2\/tags?post=765"}],"curies":[{"name":"wp","href":"https:\/\/api.w.org\/{rel}","templated":true}]}}