{"id":809,"date":"2024-05-13T09:59:24","date_gmt":"2024-05-13T07:59:24","guid":{"rendered":"https:\/\/lesmanufacturiers.fr\/?p=809"},"modified":"2024-05-13T09:59:25","modified_gmt":"2024-05-13T07:59:25","slug":"villeneuve-les-beziers-des-locaux-pour-les-entreprises","status":"publish","type":"post","link":"https:\/\/lesmanufacturiers.fr\/index.php\/2024\/05\/13\/villeneuve-les-beziers-des-locaux-pour-les-entreprises\/","title":{"rendered":"Villeneuve-l\u00e8s-B\u00e9ziers &#8211; Des locaux pour les entreprises"},"content":{"rendered":"\n<figure class=\"wp-block-image size-large\"><img loading=\"lazy\" decoding=\"async\" width=\"1024\" height=\"540\" src=\"https:\/\/lesmanufacturiers.fr\/wp-content\/uploads\/2024\/01\/image-1024x540.jpeg\" alt=\"\" class=\"wp-image-766\" srcset=\"https:\/\/lesmanufacturiers.fr\/wp-content\/uploads\/2024\/01\/image-1024x540.jpeg 1024w, https:\/\/lesmanufacturiers.fr\/wp-content\/uploads\/2024\/01\/image-300x158.jpeg 300w, https:\/\/lesmanufacturiers.fr\/wp-content\/uploads\/2024\/01\/image-768x405.jpeg 768w, https:\/\/lesmanufacturiers.fr\/wp-content\/uploads\/2024\/01\/image-1536x809.jpeg 1536w, https:\/\/lesmanufacturiers.fr\/wp-content\/uploads\/2024\/01\/image.jpeg 1600w\" sizes=\"auto, (max-width: 1024px) 100vw, 1024px\" \/><\/figure>\n\n\n\n<p>Le 8 mai 2024<\/p>\n\n\n\n<p>Les Manufacturiers souhaitent faire vivre l&#8217;\u00e9conomie locale avec leur nouveau projet immobilier, d\u00e9di\u00e9 aux professionnels.<br>Des bureaux et des locaux d&#8217;activit\u00e9s modulables sont disponibles \u00e0 l&#8217;achat ou \u00e0 la location, offrant respectivement des superficies de 60 \u00e0 1 000 m\u00b0 et de 271 m&#8217; \u00e0 1724 m\u00b0. Ce nouveau complexe offrira des possibilit\u00e9s d&#8217;implantation \u00e0 tous les entrepreneurs et professionnels de la r\u00e9gion Occitanie ouvrant ainsi les portes \u00e0 une centaine d&#8217;emplois.<br>Les Manufacturiers sont pr\u00eats \u00e0 accueillir une multitude d&#8217;activit\u00e9s. Ils repr\u00e9sentent une belle opportunit\u00e9 pour les TPE et\u00a0PME de la commune et de ses alentours afin de repenser leurs\u00a0espaces de travail, de s\u2019immerger dans un \u00e9cosyst\u00e8me dynamique pour participer \u00e0 l\u2019essor\u00a0\u00e9conomique de la r\u00e9gion.\u00a0Avec un acc\u00e8s direct aux autoroutes A75 et A9, Les Manufacturiers s&#8217;int\u00e8grent dans un environnement commercial \u00e0 l&#8217;entr\u00e9e de la ZAC de la Montagnette, actuellement en pleine\u00a0mutation et diversification.<\/p>\n\n\n\n<p>Parmi les caract\u00e9ristiques notables de cette r\u00e9alisation, des&nbsp;espaces modulables pour r\u00e9pondre aux besoins sp\u00e9cifiques&nbsp;de chaque professionnel,&nbsp;des&nbsp;acc\u00e8s directs en stationnement,&nbsp;assurant une accessibilit\u00e9 optimale, y compris pour les personnes \u00e0 mobilit\u00e9 r\u00e9duite.<\/p>\n\n\n\n<p>Le projet int\u00e8gre \u00e9galement une&nbsp;approche \u00e9cologique avec une&nbsp;toiture \u00e9quip\u00e9e de panneaux&nbsp;photovolta\u00efques. En anticipant&nbsp;les besoins futurs, une pr\u00e9-installation de dispositifs de recharge pour v\u00e9hicules \u00e9lectriques est \u00e9galement pr\u00e9vue.<\/p>\n\n\n\n<p>Avec un budget d&#8217;op\u00e9ration globale de 6 ME, la livraison de ce complexe est pr\u00e9vue pour le\u00a0premier trimestre 2025.<\/p>\n\n\n\n<p>Midi libre \/ <a href=\"https:\/\/www.midilibre.fr\/2024\/05\/07\/des-locaux-pour-les-entreprises-11937329.php\">https:\/\/www.midilibre.fr\/2024\/05\/07\/des-locaux-pour-les-entreprises-11937329.php<\/a><\/p>\n","protected":false},"excerpt":{"rendered":"<p>Le 8 mai 2024 Les Manufacturiers souhaitent faire vivre l&#8217;\u00e9conomie locale avec leur nouveau projet immobilier, d\u00e9di\u00e9 aux professionnels.Des bureaux et des locaux d&#8217;activit\u00e9s modulables sont disponibles \u00e0 l&#8217;achat ou \u00e0 la location, offrant respectivement des superficies de 60 \u00e0 1 000 m\u00b0 et de 271 m&#8217; \u00e0 1724 m\u00b0. Ce nouveau complexe offrira des [&hellip;]<\/p>\n","protected":false},"author":1,"featured_media":0,"comment_status":"open","ping_status":"open","sticky":false,"template":"","format":"standard","meta":{"footnotes":""},"categories":[1],"tags":[],"class_list":["post-809","post","type-post","status-publish","format-standard","hentry","category-non-classe"],"blocksy_meta":"","yoast_head":"<!-- This site is optimized with the Yoast SEO plugin v21.3 - https:\/\/yoast.com\/wordpress\/plugins\/seo\/ -->\n<title>Villeneuve-l\u00e8s-B\u00e9ziers - Des locaux pour les entreprises - Les manufacturiers<\/title>\n<meta name=\"robots\" content=\"index, follow, max-snippet:-1, max-image-preview:large, max-video-preview:-1\" \/>\n<link rel=\"canonical\" href=\"https:\/\/lesmanufacturiers.fr\/index.php\/2024\/05\/13\/villeneuve-les-beziers-des-locaux-pour-les-entreprises\/\" \/>\n<meta property=\"og:locale\" content=\"en_US\" \/>\n<meta property=\"og:type\" content=\"article\" \/>\n<meta property=\"og:title\" content=\"Villeneuve-l\u00e8s-B\u00e9ziers - Des locaux pour les entreprises - Les manufacturiers\" \/>\n<meta property=\"og:description\" content=\"Le 8 mai 2024 Les Manufacturiers souhaitent faire vivre l&#8217;\u00e9conomie locale avec leur nouveau projet immobilier, d\u00e9di\u00e9 aux professionnels.Des bureaux et des locaux d&#8217;activit\u00e9s modulables sont disponibles \u00e0 l&#8217;achat ou \u00e0 la location, offrant respectivement des superficies de 60 \u00e0 1 000 m\u00b0 et de 271 m&#8217; \u00e0 1724 m\u00b0. Ce nouveau complexe offrira des [&hellip;]\" \/>\n<meta property=\"og:url\" content=\"https:\/\/lesmanufacturiers.fr\/index.php\/2024\/05\/13\/villeneuve-les-beziers-des-locaux-pour-les-entreprises\/\" \/>\n<meta property=\"og:site_name\" content=\"Les manufacturiers\" \/>\n<meta property=\"article:publisher\" content=\"https:\/\/www.facebook.com\/profile.php?id=61551785083090\" \/>\n<meta property=\"article:published_time\" content=\"2024-05-13T07:59:24+00:00\" \/>\n<meta property=\"article:modified_time\" content=\"2024-05-13T07:59:25+00:00\" \/>\n<meta property=\"og:image\" content=\"https:\/\/lesmanufacturiers.fr\/wp-content\/uploads\/2024\/01\/image-1024x540.jpeg\" \/>\n<meta name=\"author\" content=\"admin5261\" \/>\n<meta name=\"twitter:card\" content=\"summary_large_image\" \/>\n<meta name=\"twitter:label1\" content=\"Written by\" \/>\n\t<meta name=\"twitter:data1\" content=\"admin5261\" \/>\n\t<meta name=\"twitter:label2\" content=\"Est. reading time\" \/>\n\t<meta name=\"twitter:data2\" content=\"2 minutes\" \/>\n<script type=\"application\/ld+json\" class=\"yoast-schema-graph\">{\"@context\":\"https:\/\/schema.org\",\"@graph\":[{\"@type\":\"Article\",\"@id\":\"https:\/\/lesmanufacturiers.fr\/index.php\/2024\/05\/13\/villeneuve-les-beziers-des-locaux-pour-les-entreprises\/#article\",\"isPartOf\":{\"@id\":\"https:\/\/lesmanufacturiers.fr\/index.php\/2024\/05\/13\/villeneuve-les-beziers-des-locaux-pour-les-entreprises\/\"},\"author\":{\"name\":\"admin5261\",\"@id\":\"https:\/\/lesmanufacturiers.fr\/#\/schema\/person\/80e494427d6550ab33c0f7c5a89be7ea\"},\"headline\":\"Villeneuve-l\u00e8s-B\u00e9ziers &#8211; Des locaux pour les entreprises\",\"datePublished\":\"2024-05-13T07:59:24+00:00\",\"dateModified\":\"2024-05-13T07:59:25+00:00\",\"mainEntityOfPage\":{\"@id\":\"https:\/\/lesmanufacturiers.fr\/index.php\/2024\/05\/13\/villeneuve-les-beziers-des-locaux-pour-les-entreprises\/\"},\"wordCount\":275,\"commentCount\":0,\"publisher\":{\"@id\":\"https:\/\/lesmanufacturiers.fr\/#organization\"},\"articleSection\":[\"Non class\u00e9\"],\"inLanguage\":\"en-US\",\"potentialAction\":[{\"@type\":\"CommentAction\",\"name\":\"Comment\",\"target\":[\"https:\/\/lesmanufacturiers.fr\/index.php\/2024\/05\/13\/villeneuve-les-beziers-des-locaux-pour-les-entreprises\/#respond\"]}]},{\"@type\":\"WebPage\",\"@id\":\"https:\/\/lesmanufacturiers.fr\/index.php\/2024\/05\/13\/villeneuve-les-beziers-des-locaux-pour-les-entreprises\/\",\"url\":\"https:\/\/lesmanufacturiers.fr\/index.php\/2024\/05\/13\/villeneuve-les-beziers-des-locaux-pour-les-entreprises\/\",\"name\":\"Villeneuve-l\u00e8s-B\u00e9ziers - Des locaux pour les entreprises - Les manufacturiers\",\"isPartOf\":{\"@id\":\"https:\/\/lesmanufacturiers.fr\/#website\"},\"datePublished\":\"2024-05-13T07:59:24+00:00\",\"dateModified\":\"2024-05-13T07:59:25+00:00\",\"breadcrumb\":{\"@id\":\"https:\/\/lesmanufacturiers.fr\/index.php\/2024\/05\/13\/villeneuve-les-beziers-des-locaux-pour-les-entreprises\/#breadcrumb\"},\"inLanguage\":\"en-US\",\"potentialAction\":[{\"@type\":\"ReadAction\",\"target\":[\"https:\/\/lesmanufacturiers.fr\/index.php\/2024\/05\/13\/villeneuve-les-beziers-des-locaux-pour-les-entreprises\/\"]}]},{\"@type\":\"BreadcrumbList\",\"@id\":\"https:\/\/lesmanufacturiers.fr\/index.php\/2024\/05\/13\/villeneuve-les-beziers-des-locaux-pour-les-entreprises\/#breadcrumb\",\"itemListElement\":[{\"@type\":\"ListItem\",\"position\":1,\"name\":\"Accueil\",\"item\":\"https:\/\/lesmanufacturiers.fr\/\"},{\"@type\":\"ListItem\",\"position\":2,\"name\":\"Villeneuve-l\u00e8s-B\u00e9ziers &#8211; Des locaux pour les entreprises\"}]},{\"@type\":\"WebSite\",\"@id\":\"https:\/\/lesmanufacturiers.fr\/#website\",\"url\":\"https:\/\/lesmanufacturiers.fr\/\",\"name\":\"Les manufacturiers\",\"description\":\"Villeneuve-les-B\u00e9ziers\",\"publisher\":{\"@id\":\"https:\/\/lesmanufacturiers.fr\/#organization\"},\"potentialAction\":[{\"@type\":\"SearchAction\",\"target\":{\"@type\":\"EntryPoint\",\"urlTemplate\":\"https:\/\/lesmanufacturiers.fr\/?s={search_term_string}\"},\"query-input\":\"required name=search_term_string\"}],\"inLanguage\":\"en-US\"},{\"@type\":\"Organization\",\"@id\":\"https:\/\/lesmanufacturiers.fr\/#organization\",\"name\":\"Les Manufacturiers\",\"alternateName\":\"LM\",\"url\":\"https:\/\/lesmanufacturiers.fr\/\",\"logo\":{\"@type\":\"ImageObject\",\"inLanguage\":\"en-US\",\"@id\":\"https:\/\/lesmanufacturiers.fr\/#\/schema\/logo\/image\/\",\"url\":\"https:\/\/lesmanufacturiers.fr\/wp-content\/uploads\/2023\/09\/les-manufacturiers_logo-final_blanccouleurs_fond-noir_rvb-Copie-scaled.jpg\",\"contentUrl\":\"https:\/\/lesmanufacturiers.fr\/wp-content\/uploads\/2023\/09\/les-manufacturiers_logo-final_blanccouleurs_fond-noir_rvb-Copie-scaled.jpg\",\"width\":2560,\"height\":1813,\"caption\":\"Les Manufacturiers\"},\"image\":{\"@id\":\"https:\/\/lesmanufacturiers.fr\/#\/schema\/logo\/image\/\"},\"sameAs\":[\"https:\/\/www.facebook.com\/profile.php?id=61551785083090\",\"https:\/\/www.instagram.com\/lesmanufacturiers_\/\"]},{\"@type\":\"Person\",\"@id\":\"https:\/\/lesmanufacturiers.fr\/#\/schema\/person\/80e494427d6550ab33c0f7c5a89be7ea\",\"name\":\"admin5261\",\"image\":{\"@type\":\"ImageObject\",\"inLanguage\":\"en-US\",\"@id\":\"https:\/\/lesmanufacturiers.fr\/#\/schema\/person\/image\/\",\"url\":\"https:\/\/secure.gravatar.com\/avatar\/87670d0566c1e8966aabe752688c2462c216523c6575180030cb9f821c34acee?s=96&d=mm&r=g\",\"contentUrl\":\"https:\/\/secure.gravatar.com\/avatar\/87670d0566c1e8966aabe752688c2462c216523c6575180030cb9f821c34acee?s=96&d=mm&r=g\",\"caption\":\"admin5261\"},\"sameAs\":[\"http:\/\/lesmanufacturiers.fr\"],\"url\":\"https:\/\/lesmanufacturiers.fr\/index.php\/author\/admin5261\/\"}]}<\/script>\n<!-- \/ Yoast SEO plugin. -->","yoast_head_json":{"title":"Villeneuve-l\u00e8s-B\u00e9ziers - Des locaux pour les entreprises - Les manufacturiers","robots":{"index":"index","follow":"follow","max-snippet":"max-snippet:-1","max-image-preview":"max-image-preview:large","max-video-preview":"max-video-preview:-1"},"canonical":"https:\/\/lesmanufacturiers.fr\/index.php\/2024\/05\/13\/villeneuve-les-beziers-des-locaux-pour-les-entreprises\/","og_locale":"en_US","og_type":"article","og_title":"Villeneuve-l\u00e8s-B\u00e9ziers - Des locaux pour les entreprises - Les manufacturiers","og_description":"Le 8 mai 2024 Les Manufacturiers souhaitent faire vivre l&#8217;\u00e9conomie locale avec leur nouveau projet immobilier, d\u00e9di\u00e9 aux professionnels.Des bureaux et des locaux d&#8217;activit\u00e9s modulables sont disponibles \u00e0 l&#8217;achat ou \u00e0 la location, offrant respectivement des superficies de 60 \u00e0 1 000 m\u00b0 et de 271 m&#8217; \u00e0 1724 m\u00b0. Ce nouveau complexe offrira des [&hellip;]","og_url":"https:\/\/lesmanufacturiers.fr\/index.php\/2024\/05\/13\/villeneuve-les-beziers-des-locaux-pour-les-entreprises\/","og_site_name":"Les manufacturiers","article_publisher":"https:\/\/www.facebook.com\/profile.php?id=61551785083090","article_published_time":"2024-05-13T07:59:24+00:00","article_modified_time":"2024-05-13T07:59:25+00:00","og_image":[{"url":"https:\/\/lesmanufacturiers.fr\/wp-content\/uploads\/2024\/01\/image-1024x540.jpeg"}],"author":"admin5261","twitter_card":"summary_large_image","twitter_misc":{"Written by":"admin5261","Est. reading time":"2 minutes"},"schema":{"@context":"https:\/\/schema.org","@graph":[{"@type":"Article","@id":"https:\/\/lesmanufacturiers.fr\/index.php\/2024\/05\/13\/villeneuve-les-beziers-des-locaux-pour-les-entreprises\/#article","isPartOf":{"@id":"https:\/\/lesmanufacturiers.fr\/index.php\/2024\/05\/13\/villeneuve-les-beziers-des-locaux-pour-les-entreprises\/"},"author":{"name":"admin5261","@id":"https:\/\/lesmanufacturiers.fr\/#\/schema\/person\/80e494427d6550ab33c0f7c5a89be7ea"},"headline":"Villeneuve-l\u00e8s-B\u00e9ziers &#8211; Des locaux pour les entreprises","datePublished":"2024-05-13T07:59:24+00:00","dateModified":"2024-05-13T07:59:25+00:00","mainEntityOfPage":{"@id":"https:\/\/lesmanufacturiers.fr\/index.php\/2024\/05\/13\/villeneuve-les-beziers-des-locaux-pour-les-entreprises\/"},"wordCount":275,"commentCount":0,"publisher":{"@id":"https:\/\/lesmanufacturiers.fr\/#organization"},"articleSection":["Non class\u00e9"],"inLanguage":"en-US","potentialAction":[{"@type":"CommentAction","name":"Comment","target":["https:\/\/lesmanufacturiers.fr\/index.php\/2024\/05\/13\/villeneuve-les-beziers-des-locaux-pour-les-entreprises\/#respond"]}]},{"@type":"WebPage","@id":"https:\/\/lesmanufacturiers.fr\/index.php\/2024\/05\/13\/villeneuve-les-beziers-des-locaux-pour-les-entreprises\/","url":"https:\/\/lesmanufacturiers.fr\/index.php\/2024\/05\/13\/villeneuve-les-beziers-des-locaux-pour-les-entreprises\/","name":"Villeneuve-l\u00e8s-B\u00e9ziers - Des locaux pour les entreprises - Les manufacturiers","isPartOf":{"@id":"https:\/\/lesmanufacturiers.fr\/#website"},"datePublished":"2024-05-13T07:59:24+00:00","dateModified":"2024-05-13T07:59:25+00:00","breadcrumb":{"@id":"https:\/\/lesmanufacturiers.fr\/index.php\/2024\/05\/13\/villeneuve-les-beziers-des-locaux-pour-les-entreprises\/#breadcrumb"},"inLanguage":"en-US","potentialAction":[{"@type":"ReadAction","target":["https:\/\/lesmanufacturiers.fr\/index.php\/2024\/05\/13\/villeneuve-les-beziers-des-locaux-pour-les-entreprises\/"]}]},{"@type":"BreadcrumbList","@id":"https:\/\/lesmanufacturiers.fr\/index.php\/2024\/05\/13\/villeneuve-les-beziers-des-locaux-pour-les-entreprises\/#breadcrumb","itemListElement":[{"@type":"ListItem","position":1,"name":"Accueil","item":"https:\/\/lesmanufacturiers.fr\/"},{"@type":"ListItem","position":2,"name":"Villeneuve-l\u00e8s-B\u00e9ziers &#8211; Des locaux pour les entreprises"}]},{"@type":"WebSite","@id":"https:\/\/lesmanufacturiers.fr\/#website","url":"https:\/\/lesmanufacturiers.fr\/","name":"Les manufacturiers","description":"Villeneuve-les-B\u00e9ziers","publisher":{"@id":"https:\/\/lesmanufacturiers.fr\/#organization"},"potentialAction":[{"@type":"SearchAction","target":{"@type":"EntryPoint","urlTemplate":"https:\/\/lesmanufacturiers.fr\/?s={search_term_string}"},"query-input":"required name=search_term_string"}],"inLanguage":"en-US"},{"@type":"Organization","@id":"https:\/\/lesmanufacturiers.fr\/#organization","name":"Les Manufacturiers","alternateName":"LM","url":"https:\/\/lesmanufacturiers.fr\/","logo":{"@type":"ImageObject","inLanguage":"en-US","@id":"https:\/\/lesmanufacturiers.fr\/#\/schema\/logo\/image\/","url":"https:\/\/lesmanufacturiers.fr\/wp-content\/uploads\/2023\/09\/les-manufacturiers_logo-final_blanccouleurs_fond-noir_rvb-Copie-scaled.jpg","contentUrl":"https:\/\/lesmanufacturiers.fr\/wp-content\/uploads\/2023\/09\/les-manufacturiers_logo-final_blanccouleurs_fond-noir_rvb-Copie-scaled.jpg","width":2560,"height":1813,"caption":"Les Manufacturiers"},"image":{"@id":"https:\/\/lesmanufacturiers.fr\/#\/schema\/logo\/image\/"},"sameAs":["https:\/\/www.facebook.com\/profile.php?id=61551785083090","https:\/\/www.instagram.com\/lesmanufacturiers_\/"]},{"@type":"Person","@id":"https:\/\/lesmanufacturiers.fr\/#\/schema\/person\/80e494427d6550ab33c0f7c5a89be7ea","name":"admin5261","image":{"@type":"ImageObject","inLanguage":"en-US","@id":"https:\/\/lesmanufacturiers.fr\/#\/schema\/person\/image\/","url":"https:\/\/secure.gravatar.com\/avatar\/87670d0566c1e8966aabe752688c2462c216523c6575180030cb9f821c34acee?s=96&d=mm&r=g","contentUrl":"https:\/\/secure.gravatar.com\/avatar\/87670d0566c1e8966aabe752688c2462c216523c6575180030cb9f821c34acee?s=96&d=mm&r=g","caption":"admin5261"},"sameAs":["http:\/\/lesmanufacturiers.fr"],"url":"https:\/\/lesmanufacturiers.fr\/index.php\/author\/admin5261\/"}]}},"_links":{"self":[{"href":"https:\/\/lesmanufacturiers.fr\/index.php\/wp-json\/wp\/v2\/posts\/809","targetHints":{"allow":["GET"]}}],"collection":[{"href":"https:\/\/lesmanufacturiers.fr\/index.php\/wp-json\/wp\/v2\/posts"}],"about":[{"href":"https:\/\/lesmanufacturiers.fr\/index.php\/wp-json\/wp\/v2\/types\/post"}],"author":[{"embeddable":true,"href":"https:\/\/lesmanufacturiers.fr\/index.php\/wp-json\/wp\/v2\/users\/1"}],"replies":[{"embeddable":true,"href":"https:\/\/lesmanufacturiers.fr\/index.php\/wp-json\/wp\/v2\/comments?post=809"}],"version-history":[{"count":1,"href":"https:\/\/lesmanufacturiers.fr\/index.php\/wp-json\/wp\/v2\/posts\/809\/revisions"}],"predecessor-version":[{"id":810,"href":"https:\/\/lesmanufacturiers.fr\/index.php\/wp-json\/wp\/v2\/posts\/809\/revisions\/810"}],"wp:attachment":[{"href":"https:\/\/lesmanufacturiers.fr\/index.php\/wp-json\/wp\/v2\/media?parent=809"}],"wp:term":[{"taxonomy":"category","embeddable":true,"href":"https:\/\/lesmanufacturiers.fr\/index.php\/wp-json\/wp\/v2\/categories?post=809"},{"taxonomy":"post_tag","embeddable":true,"href":"https:\/\/lesmanufacturiers.fr\/index.php\/wp-json\/wp\/v2\/tags?post=809"}],"curies":[{"name":"wp","href":"https:\/\/api.w.org\/{rel}","templated":true}]}}