{"id":820,"date":"2024-05-13T10:11:10","date_gmt":"2024-05-13T08:11:10","guid":{"rendered":"https:\/\/lesmanufacturiers.fr\/?p=820"},"modified":"2024-05-13T10:11:11","modified_gmt":"2024-05-13T08:11:11","slug":"villeneuve-les-beziers-le-projet-immobilier-les-manufacturiers-prevoit-cent-emplois","status":"publish","type":"post","link":"https:\/\/lesmanufacturiers.fr\/index.php\/2024\/05\/13\/villeneuve-les-beziers-le-projet-immobilier-les-manufacturiers-prevoit-cent-emplois\/","title":{"rendered":"Villeneuve-l\u00e8s-B\u00e9ziers : le projet immobilier Les Manufacturiers pr\u00e9voit cent emplois\u00a0"},"content":{"rendered":"\n<p>Cent cr\u00e9ations d&#8217;emplois sont annonc\u00e9es par Les Manufacturiers qui vont s&#8217;implanter \u00e0 Villeneuve-l\u00e8s-B\u00e9ziers, pour un projet immobilier important.<\/p>\n\n\n\n<figure class=\"wp-block-image\"><img loading=\"lazy\" decoding=\"async\" width=\"960\" height=\"540\" src=\"https:\/\/lesmanufacturiers.fr\/wp-content\/uploads\/2024\/05\/image.jpeg\" alt=\"Une partie du site des Manufacturiers de Villeneuve-l\u00e8s-B\u00e9ziers \" class=\"wp-image-821\" srcset=\"https:\/\/lesmanufacturiers.fr\/wp-content\/uploads\/2024\/05\/image.jpeg 960w, https:\/\/lesmanufacturiers.fr\/wp-content\/uploads\/2024\/05\/image-300x169.jpeg 300w, https:\/\/lesmanufacturiers.fr\/wp-content\/uploads\/2024\/05\/image-768x432.jpeg 768w\" sizes=\"auto, (max-width: 960px) 100vw, 960px\" \/><figcaption class=\"wp-element-caption\">Une partie du site des Manufacturiers de Villeneuve-l\u00e8s-B\u00e9ziers&nbsp;(\u00a9MVLB)<\/figcaption><\/figure>\n\n\n\n<p>Publi\u00e9 le\u00a026 janv. 2024<\/p>\n\n\n\n<p>Les&nbsp;<strong>Manufacturiers&nbsp;<\/strong>est un&nbsp;projet immobilier sp\u00e9cifiquement d\u00e9di\u00e9 aux professionnels et port\u00e9 sur la commune&nbsp;<strong>Villeneuve-l\u00e8s-B\u00e9ziers,&nbsp;<\/strong>aux portes ouest de B\u00e9ziers. En contribuant \u00e0 la revitalisation de l\u2019\u00e9conomie locale, le programme Les Manufacturiers ouvre la voie \u00e0 l\u2019implantation d\u2019<strong>une centaine d\u2019emplois<\/strong>&nbsp;permettant ainsi de r\u00e9pondre \u00e0 l\u2019essor du nombre de cr\u00e9ation d\u2019entreprises de ces derni\u00e8res ann\u00e9es -91 cr\u00e9ations- \u00e0 Villeneuve-l\u00e8s-B\u00e9ziers et&nbsp;plus de 1 400 \u00e0 B\u00e9ziers en 2023.&nbsp;<\/p>\n\n\n\n<p>\u00ab&nbsp;Les Manufacturiers souhaitent faire vivre l\u2019\u00e9conomie locale avec leur nouveau projet immobilier d\u00e9di\u00e9 aux professionnels \u00e0 Villeneuve-les-B\u00e9ziers, un nouveau complexe professionnel accueillant bureaux et locaux d\u2019activit\u00e9s qui offrira de nouvelles opportunit\u00e9s d\u2019implantation \u00e0 tous les entrepreneurs et professionnels de la r\u00e9gion Occitanie. Le budget global de cette op\u00e9ration s\u2019\u00e9l\u00e8ve \u00e0 6 millions d\u2019euros, avec une date de livraison pr\u00e9vue au premier trimestre 2025&nbsp;\u00bb, selon les responsables.<\/p>\n\n\n\n<h2 class=\"wp-block-heading\">Un projet favorisant la diversit\u00e9 des activit\u00e9s<\/h2>\n\n\n\n<p><strong>En savoir plus :<\/strong>\u00a0le programme Les Manufacturiers est disponible \u00e0 l\u2019achat ou \u00e0 la location, des bureaux et des locaux d\u2019activit\u00e9s modulables, offrant respectivement des superficies de 60 \u00e0 1 000m2 et de 271m\u00b2 \u00e0 1724m\u00b2\u00a0 vendus de 1 300\u20ac \u00e0 2 150\u20ac du m\u00b2.\u00a0Les Manufacturiers sont pr\u00eats \u00e0 accueillir une multitude d\u2019activit\u00e9s, refl\u00e9tant ainsi la richesse et la diversit\u00e9 des professionnels locaux.<\/p>\n\n\n\n<p>\u00ab&nbsp;Nous croyons que l\u2019immobilier d\u2019entreprise peut et devrait \u00eatre bien plus que des murs et des bureaux. C\u2019est un lieu o\u00f9 naissent les collaborations, o\u00f9 les id\u00e9es prennent vie, et o\u00f9 les professionnels peuvent s\u2019\u00e9panouir.&nbsp;\u00bb d\u00e9clare \u00c9ric Palet, un des associ\u00e9s Les Manufacturiers.<\/p>\n\n\n\n<p>Les Manufacturiers repr\u00e9sentent une belle opportunit\u00e9 pour les TPE et PME de Villeneuve-les-B\u00e9ziers et de ses alentours, afin de repenser leurs espaces de travail, de s\u2019immerger dans un \u00e9cosyst\u00e8me dynamique pour participer \u00e0 l\u2019essor \u00e9conomique de la r\u00e9gion.&nbsp;Avec un acc\u00e8s direct aux autoroutes A75 et A9, Les Manufacturiers s\u2019int\u00e8gre dans un environnement commercial \u00e0 l\u2019entr\u00e9e de la&nbsp;<strong>ZAC de la Montagnette<\/strong>, actuellement en pleine mutation et diversification.<\/p>\n\n\n\n<h2 class=\"wp-block-heading\">Panneaux photovolta\u00efques<\/h2>\n\n\n\n<p>Parmi les caract\u00e9ristiques notables de cette r\u00e9alisation, on note des espaces modulables pour r\u00e9pondre aux besoins sp\u00e9cifiques de chaque professionnel, des acc\u00e8s directs en stationnement assurant une accessibilit\u00e9 optimale, y compris pour les personnes \u00e0 mobilit\u00e9 r\u00e9duite, PMR. Le projet int\u00e8gre \u00e9galement une\u00a0<strong>approche \u00e9cologique<\/strong>\u00a0avec une toiture \u00e9quip\u00e9e de\u00a0<strong>panneaux photovolta\u00efques<\/strong>, favorisant ainsi la production d\u2019\u00e9nergie renouvelable. En anticipant les besoins futurs, une pr\u00e9-installation de dispositifs de recharge pour v\u00e9hicules \u00e9lectriques est \u00e9galement pr\u00e9vue.\u00a0<\/p>\n\n\n\n<p>M\u00e9tropolitain \/ Actu.fr :  https:\/\/actu.fr\/occitanie\/villeneuve-les-beziers_34336\/herault-villeneuve-les-beziers-le-projet-immobilier-les-manufacturiers-prevoit-cent-emplois_60604561.html <\/p>\n","protected":false},"excerpt":{"rendered":"<p>Cent cr\u00e9ations d&#8217;emplois sont annonc\u00e9es par Les Manufacturiers qui vont s&#8217;implanter \u00e0 Villeneuve-l\u00e8s-B\u00e9ziers, pour un projet immobilier important. Publi\u00e9 le\u00a026 janv. 2024 Les&nbsp;Manufacturiers&nbsp;est un&nbsp;projet immobilier sp\u00e9cifiquement d\u00e9di\u00e9 aux professionnels et port\u00e9 sur la commune&nbsp;Villeneuve-l\u00e8s-B\u00e9ziers,&nbsp;aux portes ouest de B\u00e9ziers. En contribuant \u00e0 la revitalisation de l\u2019\u00e9conomie locale, le programme Les Manufacturiers ouvre la voie \u00e0 l\u2019implantation [&hellip;]<\/p>\n","protected":false},"author":1,"featured_media":0,"comment_status":"open","ping_status":"open","sticky":false,"template":"","format":"standard","meta":{"footnotes":""},"categories":[1],"tags":[],"class_list":["post-820","post","type-post","status-publish","format-standard","hentry","category-non-classe"],"blocksy_meta":"","yoast_head":"<!-- This site is optimized with the Yoast SEO plugin v21.3 - https:\/\/yoast.com\/wordpress\/plugins\/seo\/ -->\n<title>Villeneuve-l\u00e8s-B\u00e9ziers : le projet immobilier Les Manufacturiers pr\u00e9voit cent emplois\u00a0 - Les manufacturiers<\/title>\n<meta name=\"robots\" content=\"index, follow, max-snippet:-1, max-image-preview:large, max-video-preview:-1\" \/>\n<link rel=\"canonical\" href=\"https:\/\/lesmanufacturiers.fr\/index.php\/2024\/05\/13\/villeneuve-les-beziers-le-projet-immobilier-les-manufacturiers-prevoit-cent-emplois\/\" \/>\n<meta property=\"og:locale\" content=\"en_US\" \/>\n<meta property=\"og:type\" content=\"article\" \/>\n<meta property=\"og:title\" content=\"Villeneuve-l\u00e8s-B\u00e9ziers : le projet immobilier Les Manufacturiers pr\u00e9voit cent emplois\u00a0 - Les manufacturiers\" \/>\n<meta property=\"og:description\" content=\"Cent cr\u00e9ations d&#8217;emplois sont annonc\u00e9es par Les Manufacturiers qui vont s&#8217;implanter \u00e0 Villeneuve-l\u00e8s-B\u00e9ziers, pour un projet immobilier important. Publi\u00e9 le\u00a026 janv. 2024 Les&nbsp;Manufacturiers&nbsp;est un&nbsp;projet immobilier sp\u00e9cifiquement d\u00e9di\u00e9 aux professionnels et port\u00e9 sur la commune&nbsp;Villeneuve-l\u00e8s-B\u00e9ziers,&nbsp;aux portes ouest de B\u00e9ziers. En contribuant \u00e0 la revitalisation de l\u2019\u00e9conomie locale, le programme Les Manufacturiers ouvre la voie \u00e0 l\u2019implantation [&hellip;]\" \/>\n<meta property=\"og:url\" content=\"https:\/\/lesmanufacturiers.fr\/index.php\/2024\/05\/13\/villeneuve-les-beziers-le-projet-immobilier-les-manufacturiers-prevoit-cent-emplois\/\" \/>\n<meta property=\"og:site_name\" content=\"Les manufacturiers\" \/>\n<meta property=\"article:publisher\" content=\"https:\/\/www.facebook.com\/profile.php?id=61551785083090\" \/>\n<meta property=\"article:published_time\" content=\"2024-05-13T08:11:10+00:00\" \/>\n<meta property=\"article:modified_time\" content=\"2024-05-13T08:11:11+00:00\" \/>\n<meta property=\"og:image\" content=\"https:\/\/lesmanufacturiers.fr\/wp-content\/uploads\/2024\/05\/image.jpeg\" \/>\n<meta name=\"author\" content=\"admin5261\" \/>\n<meta name=\"twitter:card\" content=\"summary_large_image\" \/>\n<meta name=\"twitter:label1\" content=\"Written by\" \/>\n\t<meta name=\"twitter:data1\" content=\"admin5261\" \/>\n\t<meta name=\"twitter:label2\" content=\"Est. reading time\" \/>\n\t<meta name=\"twitter:data2\" content=\"3 minutes\" \/>\n<script type=\"application\/ld+json\" class=\"yoast-schema-graph\">{\"@context\":\"https:\/\/schema.org\",\"@graph\":[{\"@type\":\"Article\",\"@id\":\"https:\/\/lesmanufacturiers.fr\/index.php\/2024\/05\/13\/villeneuve-les-beziers-le-projet-immobilier-les-manufacturiers-prevoit-cent-emplois\/#article\",\"isPartOf\":{\"@id\":\"https:\/\/lesmanufacturiers.fr\/index.php\/2024\/05\/13\/villeneuve-les-beziers-le-projet-immobilier-les-manufacturiers-prevoit-cent-emplois\/\"},\"author\":{\"name\":\"admin5261\",\"@id\":\"https:\/\/lesmanufacturiers.fr\/#\/schema\/person\/80e494427d6550ab33c0f7c5a89be7ea\"},\"headline\":\"Villeneuve-l\u00e8s-B\u00e9ziers : le projet immobilier Les Manufacturiers pr\u00e9voit cent emplois\u00a0\",\"datePublished\":\"2024-05-13T08:11:10+00:00\",\"dateModified\":\"2024-05-13T08:11:11+00:00\",\"mainEntityOfPage\":{\"@id\":\"https:\/\/lesmanufacturiers.fr\/index.php\/2024\/05\/13\/villeneuve-les-beziers-le-projet-immobilier-les-manufacturiers-prevoit-cent-emplois\/\"},\"wordCount\":511,\"commentCount\":0,\"publisher\":{\"@id\":\"https:\/\/lesmanufacturiers.fr\/#organization\"},\"articleSection\":[\"Non class\u00e9\"],\"inLanguage\":\"en-US\",\"potentialAction\":[{\"@type\":\"CommentAction\",\"name\":\"Comment\",\"target\":[\"https:\/\/lesmanufacturiers.fr\/index.php\/2024\/05\/13\/villeneuve-les-beziers-le-projet-immobilier-les-manufacturiers-prevoit-cent-emplois\/#respond\"]}]},{\"@type\":\"WebPage\",\"@id\":\"https:\/\/lesmanufacturiers.fr\/index.php\/2024\/05\/13\/villeneuve-les-beziers-le-projet-immobilier-les-manufacturiers-prevoit-cent-emplois\/\",\"url\":\"https:\/\/lesmanufacturiers.fr\/index.php\/2024\/05\/13\/villeneuve-les-beziers-le-projet-immobilier-les-manufacturiers-prevoit-cent-emplois\/\",\"name\":\"Villeneuve-l\u00e8s-B\u00e9ziers : le projet immobilier Les Manufacturiers pr\u00e9voit cent emplois\u00a0 - Les manufacturiers\",\"isPartOf\":{\"@id\":\"https:\/\/lesmanufacturiers.fr\/#website\"},\"datePublished\":\"2024-05-13T08:11:10+00:00\",\"dateModified\":\"2024-05-13T08:11:11+00:00\",\"breadcrumb\":{\"@id\":\"https:\/\/lesmanufacturiers.fr\/index.php\/2024\/05\/13\/villeneuve-les-beziers-le-projet-immobilier-les-manufacturiers-prevoit-cent-emplois\/#breadcrumb\"},\"inLanguage\":\"en-US\",\"potentialAction\":[{\"@type\":\"ReadAction\",\"target\":[\"https:\/\/lesmanufacturiers.fr\/index.php\/2024\/05\/13\/villeneuve-les-beziers-le-projet-immobilier-les-manufacturiers-prevoit-cent-emplois\/\"]}]},{\"@type\":\"BreadcrumbList\",\"@id\":\"https:\/\/lesmanufacturiers.fr\/index.php\/2024\/05\/13\/villeneuve-les-beziers-le-projet-immobilier-les-manufacturiers-prevoit-cent-emplois\/#breadcrumb\",\"itemListElement\":[{\"@type\":\"ListItem\",\"position\":1,\"name\":\"Accueil\",\"item\":\"https:\/\/lesmanufacturiers.fr\/\"},{\"@type\":\"ListItem\",\"position\":2,\"name\":\"Villeneuve-l\u00e8s-B\u00e9ziers : le projet immobilier Les Manufacturiers pr\u00e9voit cent emplois\u00a0\"}]},{\"@type\":\"WebSite\",\"@id\":\"https:\/\/lesmanufacturiers.fr\/#website\",\"url\":\"https:\/\/lesmanufacturiers.fr\/\",\"name\":\"Les manufacturiers\",\"description\":\"Villeneuve-les-B\u00e9ziers\",\"publisher\":{\"@id\":\"https:\/\/lesmanufacturiers.fr\/#organization\"},\"potentialAction\":[{\"@type\":\"SearchAction\",\"target\":{\"@type\":\"EntryPoint\",\"urlTemplate\":\"https:\/\/lesmanufacturiers.fr\/?s={search_term_string}\"},\"query-input\":\"required name=search_term_string\"}],\"inLanguage\":\"en-US\"},{\"@type\":\"Organization\",\"@id\":\"https:\/\/lesmanufacturiers.fr\/#organization\",\"name\":\"Les Manufacturiers\",\"alternateName\":\"LM\",\"url\":\"https:\/\/lesmanufacturiers.fr\/\",\"logo\":{\"@type\":\"ImageObject\",\"inLanguage\":\"en-US\",\"@id\":\"https:\/\/lesmanufacturiers.fr\/#\/schema\/logo\/image\/\",\"url\":\"https:\/\/lesmanufacturiers.fr\/wp-content\/uploads\/2023\/09\/les-manufacturiers_logo-final_blanccouleurs_fond-noir_rvb-Copie-scaled.jpg\",\"contentUrl\":\"https:\/\/lesmanufacturiers.fr\/wp-content\/uploads\/2023\/09\/les-manufacturiers_logo-final_blanccouleurs_fond-noir_rvb-Copie-scaled.jpg\",\"width\":2560,\"height\":1813,\"caption\":\"Les Manufacturiers\"},\"image\":{\"@id\":\"https:\/\/lesmanufacturiers.fr\/#\/schema\/logo\/image\/\"},\"sameAs\":[\"https:\/\/www.facebook.com\/profile.php?id=61551785083090\",\"https:\/\/www.instagram.com\/lesmanufacturiers_\/\"]},{\"@type\":\"Person\",\"@id\":\"https:\/\/lesmanufacturiers.fr\/#\/schema\/person\/80e494427d6550ab33c0f7c5a89be7ea\",\"name\":\"admin5261\",\"image\":{\"@type\":\"ImageObject\",\"inLanguage\":\"en-US\",\"@id\":\"https:\/\/lesmanufacturiers.fr\/#\/schema\/person\/image\/\",\"url\":\"https:\/\/secure.gravatar.com\/avatar\/87670d0566c1e8966aabe752688c2462c216523c6575180030cb9f821c34acee?s=96&d=mm&r=g\",\"contentUrl\":\"https:\/\/secure.gravatar.com\/avatar\/87670d0566c1e8966aabe752688c2462c216523c6575180030cb9f821c34acee?s=96&d=mm&r=g\",\"caption\":\"admin5261\"},\"sameAs\":[\"http:\/\/lesmanufacturiers.fr\"],\"url\":\"https:\/\/lesmanufacturiers.fr\/index.php\/author\/admin5261\/\"}]}<\/script>\n<!-- \/ Yoast SEO plugin. -->","yoast_head_json":{"title":"Villeneuve-l\u00e8s-B\u00e9ziers : le projet immobilier Les Manufacturiers pr\u00e9voit cent emplois\u00a0 - Les manufacturiers","robots":{"index":"index","follow":"follow","max-snippet":"max-snippet:-1","max-image-preview":"max-image-preview:large","max-video-preview":"max-video-preview:-1"},"canonical":"https:\/\/lesmanufacturiers.fr\/index.php\/2024\/05\/13\/villeneuve-les-beziers-le-projet-immobilier-les-manufacturiers-prevoit-cent-emplois\/","og_locale":"en_US","og_type":"article","og_title":"Villeneuve-l\u00e8s-B\u00e9ziers : le projet immobilier Les Manufacturiers pr\u00e9voit cent emplois\u00a0 - Les manufacturiers","og_description":"Cent cr\u00e9ations d&#8217;emplois sont annonc\u00e9es par Les Manufacturiers qui vont s&#8217;implanter \u00e0 Villeneuve-l\u00e8s-B\u00e9ziers, pour un projet immobilier important. Publi\u00e9 le\u00a026 janv. 2024 Les&nbsp;Manufacturiers&nbsp;est un&nbsp;projet immobilier sp\u00e9cifiquement d\u00e9di\u00e9 aux professionnels et port\u00e9 sur la commune&nbsp;Villeneuve-l\u00e8s-B\u00e9ziers,&nbsp;aux portes ouest de B\u00e9ziers. En contribuant \u00e0 la revitalisation de l\u2019\u00e9conomie locale, le programme Les Manufacturiers ouvre la voie \u00e0 l\u2019implantation [&hellip;]","og_url":"https:\/\/lesmanufacturiers.fr\/index.php\/2024\/05\/13\/villeneuve-les-beziers-le-projet-immobilier-les-manufacturiers-prevoit-cent-emplois\/","og_site_name":"Les manufacturiers","article_publisher":"https:\/\/www.facebook.com\/profile.php?id=61551785083090","article_published_time":"2024-05-13T08:11:10+00:00","article_modified_time":"2024-05-13T08:11:11+00:00","og_image":[{"url":"https:\/\/lesmanufacturiers.fr\/wp-content\/uploads\/2024\/05\/image.jpeg"}],"author":"admin5261","twitter_card":"summary_large_image","twitter_misc":{"Written by":"admin5261","Est. reading time":"3 minutes"},"schema":{"@context":"https:\/\/schema.org","@graph":[{"@type":"Article","@id":"https:\/\/lesmanufacturiers.fr\/index.php\/2024\/05\/13\/villeneuve-les-beziers-le-projet-immobilier-les-manufacturiers-prevoit-cent-emplois\/#article","isPartOf":{"@id":"https:\/\/lesmanufacturiers.fr\/index.php\/2024\/05\/13\/villeneuve-les-beziers-le-projet-immobilier-les-manufacturiers-prevoit-cent-emplois\/"},"author":{"name":"admin5261","@id":"https:\/\/lesmanufacturiers.fr\/#\/schema\/person\/80e494427d6550ab33c0f7c5a89be7ea"},"headline":"Villeneuve-l\u00e8s-B\u00e9ziers : le projet immobilier Les Manufacturiers pr\u00e9voit cent emplois\u00a0","datePublished":"2024-05-13T08:11:10+00:00","dateModified":"2024-05-13T08:11:11+00:00","mainEntityOfPage":{"@id":"https:\/\/lesmanufacturiers.fr\/index.php\/2024\/05\/13\/villeneuve-les-beziers-le-projet-immobilier-les-manufacturiers-prevoit-cent-emplois\/"},"wordCount":511,"commentCount":0,"publisher":{"@id":"https:\/\/lesmanufacturiers.fr\/#organization"},"articleSection":["Non class\u00e9"],"inLanguage":"en-US","potentialAction":[{"@type":"CommentAction","name":"Comment","target":["https:\/\/lesmanufacturiers.fr\/index.php\/2024\/05\/13\/villeneuve-les-beziers-le-projet-immobilier-les-manufacturiers-prevoit-cent-emplois\/#respond"]}]},{"@type":"WebPage","@id":"https:\/\/lesmanufacturiers.fr\/index.php\/2024\/05\/13\/villeneuve-les-beziers-le-projet-immobilier-les-manufacturiers-prevoit-cent-emplois\/","url":"https:\/\/lesmanufacturiers.fr\/index.php\/2024\/05\/13\/villeneuve-les-beziers-le-projet-immobilier-les-manufacturiers-prevoit-cent-emplois\/","name":"Villeneuve-l\u00e8s-B\u00e9ziers : le projet immobilier Les Manufacturiers pr\u00e9voit cent emplois\u00a0 - Les manufacturiers","isPartOf":{"@id":"https:\/\/lesmanufacturiers.fr\/#website"},"datePublished":"2024-05-13T08:11:10+00:00","dateModified":"2024-05-13T08:11:11+00:00","breadcrumb":{"@id":"https:\/\/lesmanufacturiers.fr\/index.php\/2024\/05\/13\/villeneuve-les-beziers-le-projet-immobilier-les-manufacturiers-prevoit-cent-emplois\/#breadcrumb"},"inLanguage":"en-US","potentialAction":[{"@type":"ReadAction","target":["https:\/\/lesmanufacturiers.fr\/index.php\/2024\/05\/13\/villeneuve-les-beziers-le-projet-immobilier-les-manufacturiers-prevoit-cent-emplois\/"]}]},{"@type":"BreadcrumbList","@id":"https:\/\/lesmanufacturiers.fr\/index.php\/2024\/05\/13\/villeneuve-les-beziers-le-projet-immobilier-les-manufacturiers-prevoit-cent-emplois\/#breadcrumb","itemListElement":[{"@type":"ListItem","position":1,"name":"Accueil","item":"https:\/\/lesmanufacturiers.fr\/"},{"@type":"ListItem","position":2,"name":"Villeneuve-l\u00e8s-B\u00e9ziers : le projet immobilier Les Manufacturiers pr\u00e9voit cent emplois\u00a0"}]},{"@type":"WebSite","@id":"https:\/\/lesmanufacturiers.fr\/#website","url":"https:\/\/lesmanufacturiers.fr\/","name":"Les manufacturiers","description":"Villeneuve-les-B\u00e9ziers","publisher":{"@id":"https:\/\/lesmanufacturiers.fr\/#organization"},"potentialAction":[{"@type":"SearchAction","target":{"@type":"EntryPoint","urlTemplate":"https:\/\/lesmanufacturiers.fr\/?s={search_term_string}"},"query-input":"required name=search_term_string"}],"inLanguage":"en-US"},{"@type":"Organization","@id":"https:\/\/lesmanufacturiers.fr\/#organization","name":"Les Manufacturiers","alternateName":"LM","url":"https:\/\/lesmanufacturiers.fr\/","logo":{"@type":"ImageObject","inLanguage":"en-US","@id":"https:\/\/lesmanufacturiers.fr\/#\/schema\/logo\/image\/","url":"https:\/\/lesmanufacturiers.fr\/wp-content\/uploads\/2023\/09\/les-manufacturiers_logo-final_blanccouleurs_fond-noir_rvb-Copie-scaled.jpg","contentUrl":"https:\/\/lesmanufacturiers.fr\/wp-content\/uploads\/2023\/09\/les-manufacturiers_logo-final_blanccouleurs_fond-noir_rvb-Copie-scaled.jpg","width":2560,"height":1813,"caption":"Les Manufacturiers"},"image":{"@id":"https:\/\/lesmanufacturiers.fr\/#\/schema\/logo\/image\/"},"sameAs":["https:\/\/www.facebook.com\/profile.php?id=61551785083090","https:\/\/www.instagram.com\/lesmanufacturiers_\/"]},{"@type":"Person","@id":"https:\/\/lesmanufacturiers.fr\/#\/schema\/person\/80e494427d6550ab33c0f7c5a89be7ea","name":"admin5261","image":{"@type":"ImageObject","inLanguage":"en-US","@id":"https:\/\/lesmanufacturiers.fr\/#\/schema\/person\/image\/","url":"https:\/\/secure.gravatar.com\/avatar\/87670d0566c1e8966aabe752688c2462c216523c6575180030cb9f821c34acee?s=96&d=mm&r=g","contentUrl":"https:\/\/secure.gravatar.com\/avatar\/87670d0566c1e8966aabe752688c2462c216523c6575180030cb9f821c34acee?s=96&d=mm&r=g","caption":"admin5261"},"sameAs":["http:\/\/lesmanufacturiers.fr"],"url":"https:\/\/lesmanufacturiers.fr\/index.php\/author\/admin5261\/"}]}},"_links":{"self":[{"href":"https:\/\/lesmanufacturiers.fr\/index.php\/wp-json\/wp\/v2\/posts\/820","targetHints":{"allow":["GET"]}}],"collection":[{"href":"https:\/\/lesmanufacturiers.fr\/index.php\/wp-json\/wp\/v2\/posts"}],"about":[{"href":"https:\/\/lesmanufacturiers.fr\/index.php\/wp-json\/wp\/v2\/types\/post"}],"author":[{"embeddable":true,"href":"https:\/\/lesmanufacturiers.fr\/index.php\/wp-json\/wp\/v2\/users\/1"}],"replies":[{"embeddable":true,"href":"https:\/\/lesmanufacturiers.fr\/index.php\/wp-json\/wp\/v2\/comments?post=820"}],"version-history":[{"count":1,"href":"https:\/\/lesmanufacturiers.fr\/index.php\/wp-json\/wp\/v2\/posts\/820\/revisions"}],"predecessor-version":[{"id":822,"href":"https:\/\/lesmanufacturiers.fr\/index.php\/wp-json\/wp\/v2\/posts\/820\/revisions\/822"}],"wp:attachment":[{"href":"https:\/\/lesmanufacturiers.fr\/index.php\/wp-json\/wp\/v2\/media?parent=820"}],"wp:term":[{"taxonomy":"category","embeddable":true,"href":"https:\/\/lesmanufacturiers.fr\/index.php\/wp-json\/wp\/v2\/categories?post=820"},{"taxonomy":"post_tag","embeddable":true,"href":"https:\/\/lesmanufacturiers.fr\/index.php\/wp-json\/wp\/v2\/tags?post=820"}],"curies":[{"name":"wp","href":"https:\/\/api.w.org\/{rel}","templated":true}]}}