{"id":830,"date":"2024-05-13T14:03:22","date_gmt":"2024-05-13T12:03:22","guid":{"rendered":"https:\/\/lesmanufacturiers.fr\/?p=830"},"modified":"2024-05-13T14:03:23","modified_gmt":"2024-05-13T12:03:23","slug":"les-manufacturiers-un-nouveau-projet-immobilier","status":"publish","type":"post","link":"https:\/\/lesmanufacturiers.fr\/index.php\/2024\/05\/13\/les-manufacturiers-un-nouveau-projet-immobilier\/","title":{"rendered":"Les Manufacturiers : Un nouveau projet immobilier"},"content":{"rendered":"\n<figure class=\"wp-block-image size-full\"><img loading=\"lazy\" decoding=\"async\" width=\"960\" height=\"540\" src=\"https:\/\/lesmanufacturiers.fr\/wp-content\/uploads\/2024\/05\/image.jpeg\" alt=\"\" class=\"wp-image-821\" srcset=\"https:\/\/lesmanufacturiers.fr\/wp-content\/uploads\/2024\/05\/image.jpeg 960w, https:\/\/lesmanufacturiers.fr\/wp-content\/uploads\/2024\/05\/image-300x169.jpeg 300w, https:\/\/lesmanufacturiers.fr\/wp-content\/uploads\/2024\/05\/image-768x432.jpeg 768w\" sizes=\"auto, (max-width: 960px) 100vw, 960px\" \/><\/figure>\n\n\n\n<p><\/p>\n\n\n\n<p class=\"has-black-color has-text-color has-link-color wp-elements-8aff57f58a2702f40bc6fb3f8a61bd0a\">Les Manufacturiers souhaitent faire vivre l&#8217;\u00e9conomie locale avec leur nouveau projet immobilier d\u00e9di\u00e9 aux professionnels \u00e0 Villeneuve- les-B\u00e9ziers.<\/p>\n\n\n\n<p class=\"has-black-color has-text-color has-link-color wp-elements-c83fbfae43006e8f1b4f4b6cacb470de\">C&#8217;est \u00e0 proximit\u00e9 de B\u00e9ziers que le programme Les Manufacturiers a d\u00e9cid\u00e9 de s&#8217;implanter. Disponible \u00e0 l&#8217;achat ou \u00e0 la location, des bureaux et des locaux d&#8217;activit\u00e9s modulables, offrant respectivement des superficies de 60 \u00e0 1000m2 et de 271m2 \u00e0 1724m2. Ce nouveau complexe offrira de nouvelles opportunit\u00e9s d&#8217;implantation \u00e0 tous les entrepreneurs et professionnels de la r\u00e9gion Occitanie ouvrant ainsi les portes \u00e0 une centaine d&#8217;emploi.<\/p>\n\n\n\n<p class=\"has-black-color has-text-color has-link-color wp-elements-e57ae7f13993322f65859693de3d264a\">Les Manufacturiers sont pr\u00eats \u00e0 accueillir une multitude d&#8217;activit\u00e9s, refl\u00e9tant ainsi la richesse et la diversit\u00e9 des professionnels locaux.<\/p>\n\n\n\n<p class=\"has-black-color has-text-color has-link-color wp-elements-38c0f204e78550bca8c520c20d23f159\">Ils repr\u00e9sentent une belle opportunit\u00e9 pour les TPE et PME de Villeneuve-les-B\u00e9ziers et de ses alentours afin de repenser leurs espaces de travail, de s&#8217;immerger dans un \u00e9cosyst\u00e8me dynamique pour participer \u00e0 l&#8217;essor \u00e9conomique de la r\u00e9gion.<\/p>\n\n\n\n<p class=\"has-black-color has-text-color has-link-color wp-elements-457276da9eae5a96741c82d60d2d1a64\">UNE NOUVELLE R\u00c9ALISATION ALLIANT FONCTIONNALIT\u00c9, \u00c9CONOMIE ET \u00c9COLOGIE<\/p>\n\n\n\n<p class=\"has-black-color has-text-color has-link-color wp-elements-a36872f198e064d47b615e851e9a8737\">Avec un acc\u00e8s direct aux autoroutes A75 et A9, Les Manufacturiers s&#8217;int\u00e8gre dans un environnement commercial \u00e0 l&#8217;entr\u00e9e de la ZAC de la Montagnette, actuellement en pleine mutation et diversification.<\/p>\n\n\n\n<p class=\"has-black-color has-text-color has-link-color wp-elements-3d452e3b1358dfa8e3edfa5531a1b718\">Parmi les caract\u00e9ristiques notables de cette r\u00e9alisation, nous retrouvons des espaces modulables pour r\u00e9pondre aux besoins sp\u00e9cifiques de chaque professionnel, des acc\u00e8s directs en stationnement assurant une accessibilit\u00e9 optimale, y compris pour les personnes \u00e0 mobilit\u00e9 r\u00e9duite (PMR).<\/p>\n\n\n\n<p class=\"has-black-color has-text-color has-link-color wp-elements-70380b26de5e182b7aadaf8d0c26093a\">Le projet int\u00e8gre \u00e9galement une approche \u00e9cologique avec une toiture \u00e9quip\u00e9e de panneaux photovolta\u00efques, favorisant ainsi la production d&#8217;\u00e9nergie renouvelable.<\/p>\n\n\n\n<p class=\"has-black-color has-text-color has-link-color wp-elements-763c667520042e6d0fc6c23157b83166\">En anticipant les besoins futurs, une pr\u00e9- installation de dispositifs de recharge pour v\u00e9hicules \u00e9lectriques est \u00e9galement pr\u00e9vue.<\/p>\n\n\n\n<p class=\"has-black-color has-text-color has-link-color wp-elements-ae27268d3699da6cdfd314dd9a128806\">Avec un budget d&#8217;op\u00e9ration global de 6 millions d&#8217;euros, la livraison de ce complexe est pr\u00e9vue pour le 1er trimestre 2025.<\/p>\n","protected":false},"excerpt":{"rendered":"<p>Les Manufacturiers souhaitent faire vivre l&#8217;\u00e9conomie locale avec leur nouveau projet immobilier d\u00e9di\u00e9 aux professionnels \u00e0 Villeneuve- les-B\u00e9ziers. C&#8217;est \u00e0 proximit\u00e9 de B\u00e9ziers que le programme Les Manufacturiers a d\u00e9cid\u00e9 de s&#8217;implanter. Disponible \u00e0 l&#8217;achat ou \u00e0 la location, des bureaux et des locaux d&#8217;activit\u00e9s modulables, offrant respectivement des superficies de 60 \u00e0 1000m2 et [&hellip;]<\/p>\n","protected":false},"author":1,"featured_media":0,"comment_status":"open","ping_status":"open","sticky":false,"template":"","format":"standard","meta":{"footnotes":""},"categories":[1],"tags":[],"class_list":["post-830","post","type-post","status-publish","format-standard","hentry","category-non-classe"],"blocksy_meta":"","yoast_head":"<!-- This site is optimized with the Yoast SEO plugin v21.3 - https:\/\/yoast.com\/wordpress\/plugins\/seo\/ -->\n<title>Les Manufacturiers : Un nouveau projet immobilier - Les manufacturiers<\/title>\n<meta name=\"robots\" content=\"index, follow, max-snippet:-1, max-image-preview:large, max-video-preview:-1\" \/>\n<link rel=\"canonical\" href=\"https:\/\/lesmanufacturiers.fr\/index.php\/2024\/05\/13\/les-manufacturiers-un-nouveau-projet-immobilier\/\" \/>\n<meta property=\"og:locale\" content=\"en_US\" \/>\n<meta property=\"og:type\" content=\"article\" \/>\n<meta property=\"og:title\" content=\"Les Manufacturiers : Un nouveau projet immobilier - Les manufacturiers\" \/>\n<meta property=\"og:description\" content=\"Les Manufacturiers souhaitent faire vivre l&#8217;\u00e9conomie locale avec leur nouveau projet immobilier d\u00e9di\u00e9 aux professionnels \u00e0 Villeneuve- les-B\u00e9ziers. C&#8217;est \u00e0 proximit\u00e9 de B\u00e9ziers que le programme Les Manufacturiers a d\u00e9cid\u00e9 de s&#8217;implanter. Disponible \u00e0 l&#8217;achat ou \u00e0 la location, des bureaux et des locaux d&#8217;activit\u00e9s modulables, offrant respectivement des superficies de 60 \u00e0 1000m2 et [&hellip;]\" \/>\n<meta property=\"og:url\" content=\"https:\/\/lesmanufacturiers.fr\/index.php\/2024\/05\/13\/les-manufacturiers-un-nouveau-projet-immobilier\/\" \/>\n<meta property=\"og:site_name\" content=\"Les manufacturiers\" \/>\n<meta property=\"article:publisher\" content=\"https:\/\/www.facebook.com\/profile.php?id=61551785083090\" \/>\n<meta property=\"article:published_time\" content=\"2024-05-13T12:03:22+00:00\" \/>\n<meta property=\"article:modified_time\" content=\"2024-05-13T12:03:23+00:00\" \/>\n<meta property=\"og:image\" content=\"https:\/\/lesmanufacturiers.fr\/wp-content\/uploads\/2024\/05\/image.jpeg\" \/>\n<meta name=\"author\" content=\"admin5261\" \/>\n<meta name=\"twitter:card\" content=\"summary_large_image\" \/>\n<meta name=\"twitter:label1\" content=\"Written by\" \/>\n\t<meta name=\"twitter:data1\" content=\"admin5261\" \/>\n\t<meta name=\"twitter:label2\" content=\"Est. reading time\" \/>\n\t<meta name=\"twitter:data2\" content=\"2 minutes\" \/>\n<script type=\"application\/ld+json\" class=\"yoast-schema-graph\">{\"@context\":\"https:\/\/schema.org\",\"@graph\":[{\"@type\":\"Article\",\"@id\":\"https:\/\/lesmanufacturiers.fr\/index.php\/2024\/05\/13\/les-manufacturiers-un-nouveau-projet-immobilier\/#article\",\"isPartOf\":{\"@id\":\"https:\/\/lesmanufacturiers.fr\/index.php\/2024\/05\/13\/les-manufacturiers-un-nouveau-projet-immobilier\/\"},\"author\":{\"name\":\"admin5261\",\"@id\":\"https:\/\/lesmanufacturiers.fr\/#\/schema\/person\/80e494427d6550ab33c0f7c5a89be7ea\"},\"headline\":\"Les Manufacturiers : Un nouveau projet immobilier\",\"datePublished\":\"2024-05-13T12:03:22+00:00\",\"dateModified\":\"2024-05-13T12:03:23+00:00\",\"mainEntityOfPage\":{\"@id\":\"https:\/\/lesmanufacturiers.fr\/index.php\/2024\/05\/13\/les-manufacturiers-un-nouveau-projet-immobilier\/\"},\"wordCount\":301,\"commentCount\":0,\"publisher\":{\"@id\":\"https:\/\/lesmanufacturiers.fr\/#organization\"},\"articleSection\":[\"Non class\u00e9\"],\"inLanguage\":\"en-US\",\"potentialAction\":[{\"@type\":\"CommentAction\",\"name\":\"Comment\",\"target\":[\"https:\/\/lesmanufacturiers.fr\/index.php\/2024\/05\/13\/les-manufacturiers-un-nouveau-projet-immobilier\/#respond\"]}]},{\"@type\":\"WebPage\",\"@id\":\"https:\/\/lesmanufacturiers.fr\/index.php\/2024\/05\/13\/les-manufacturiers-un-nouveau-projet-immobilier\/\",\"url\":\"https:\/\/lesmanufacturiers.fr\/index.php\/2024\/05\/13\/les-manufacturiers-un-nouveau-projet-immobilier\/\",\"name\":\"Les Manufacturiers : Un nouveau projet immobilier - Les manufacturiers\",\"isPartOf\":{\"@id\":\"https:\/\/lesmanufacturiers.fr\/#website\"},\"datePublished\":\"2024-05-13T12:03:22+00:00\",\"dateModified\":\"2024-05-13T12:03:23+00:00\",\"breadcrumb\":{\"@id\":\"https:\/\/lesmanufacturiers.fr\/index.php\/2024\/05\/13\/les-manufacturiers-un-nouveau-projet-immobilier\/#breadcrumb\"},\"inLanguage\":\"en-US\",\"potentialAction\":[{\"@type\":\"ReadAction\",\"target\":[\"https:\/\/lesmanufacturiers.fr\/index.php\/2024\/05\/13\/les-manufacturiers-un-nouveau-projet-immobilier\/\"]}]},{\"@type\":\"BreadcrumbList\",\"@id\":\"https:\/\/lesmanufacturiers.fr\/index.php\/2024\/05\/13\/les-manufacturiers-un-nouveau-projet-immobilier\/#breadcrumb\",\"itemListElement\":[{\"@type\":\"ListItem\",\"position\":1,\"name\":\"Accueil\",\"item\":\"https:\/\/lesmanufacturiers.fr\/\"},{\"@type\":\"ListItem\",\"position\":2,\"name\":\"Les Manufacturiers : Un nouveau projet immobilier\"}]},{\"@type\":\"WebSite\",\"@id\":\"https:\/\/lesmanufacturiers.fr\/#website\",\"url\":\"https:\/\/lesmanufacturiers.fr\/\",\"name\":\"Les manufacturiers\",\"description\":\"Villeneuve-les-B\u00e9ziers\",\"publisher\":{\"@id\":\"https:\/\/lesmanufacturiers.fr\/#organization\"},\"potentialAction\":[{\"@type\":\"SearchAction\",\"target\":{\"@type\":\"EntryPoint\",\"urlTemplate\":\"https:\/\/lesmanufacturiers.fr\/?s={search_term_string}\"},\"query-input\":\"required name=search_term_string\"}],\"inLanguage\":\"en-US\"},{\"@type\":\"Organization\",\"@id\":\"https:\/\/lesmanufacturiers.fr\/#organization\",\"name\":\"Les Manufacturiers\",\"alternateName\":\"LM\",\"url\":\"https:\/\/lesmanufacturiers.fr\/\",\"logo\":{\"@type\":\"ImageObject\",\"inLanguage\":\"en-US\",\"@id\":\"https:\/\/lesmanufacturiers.fr\/#\/schema\/logo\/image\/\",\"url\":\"https:\/\/lesmanufacturiers.fr\/wp-content\/uploads\/2023\/09\/les-manufacturiers_logo-final_blanccouleurs_fond-noir_rvb-Copie-scaled.jpg\",\"contentUrl\":\"https:\/\/lesmanufacturiers.fr\/wp-content\/uploads\/2023\/09\/les-manufacturiers_logo-final_blanccouleurs_fond-noir_rvb-Copie-scaled.jpg\",\"width\":2560,\"height\":1813,\"caption\":\"Les Manufacturiers\"},\"image\":{\"@id\":\"https:\/\/lesmanufacturiers.fr\/#\/schema\/logo\/image\/\"},\"sameAs\":[\"https:\/\/www.facebook.com\/profile.php?id=61551785083090\",\"https:\/\/www.instagram.com\/lesmanufacturiers_\/\"]},{\"@type\":\"Person\",\"@id\":\"https:\/\/lesmanufacturiers.fr\/#\/schema\/person\/80e494427d6550ab33c0f7c5a89be7ea\",\"name\":\"admin5261\",\"image\":{\"@type\":\"ImageObject\",\"inLanguage\":\"en-US\",\"@id\":\"https:\/\/lesmanufacturiers.fr\/#\/schema\/person\/image\/\",\"url\":\"https:\/\/secure.gravatar.com\/avatar\/87670d0566c1e8966aabe752688c2462c216523c6575180030cb9f821c34acee?s=96&d=mm&r=g\",\"contentUrl\":\"https:\/\/secure.gravatar.com\/avatar\/87670d0566c1e8966aabe752688c2462c216523c6575180030cb9f821c34acee?s=96&d=mm&r=g\",\"caption\":\"admin5261\"},\"sameAs\":[\"http:\/\/lesmanufacturiers.fr\"],\"url\":\"https:\/\/lesmanufacturiers.fr\/index.php\/author\/admin5261\/\"}]}<\/script>\n<!-- \/ Yoast SEO plugin. -->","yoast_head_json":{"title":"Les Manufacturiers : Un nouveau projet immobilier - Les manufacturiers","robots":{"index":"index","follow":"follow","max-snippet":"max-snippet:-1","max-image-preview":"max-image-preview:large","max-video-preview":"max-video-preview:-1"},"canonical":"https:\/\/lesmanufacturiers.fr\/index.php\/2024\/05\/13\/les-manufacturiers-un-nouveau-projet-immobilier\/","og_locale":"en_US","og_type":"article","og_title":"Les Manufacturiers : Un nouveau projet immobilier - Les manufacturiers","og_description":"Les Manufacturiers souhaitent faire vivre l&#8217;\u00e9conomie locale avec leur nouveau projet immobilier d\u00e9di\u00e9 aux professionnels \u00e0 Villeneuve- les-B\u00e9ziers. C&#8217;est \u00e0 proximit\u00e9 de B\u00e9ziers que le programme Les Manufacturiers a d\u00e9cid\u00e9 de s&#8217;implanter. Disponible \u00e0 l&#8217;achat ou \u00e0 la location, des bureaux et des locaux d&#8217;activit\u00e9s modulables, offrant respectivement des superficies de 60 \u00e0 1000m2 et [&hellip;]","og_url":"https:\/\/lesmanufacturiers.fr\/index.php\/2024\/05\/13\/les-manufacturiers-un-nouveau-projet-immobilier\/","og_site_name":"Les manufacturiers","article_publisher":"https:\/\/www.facebook.com\/profile.php?id=61551785083090","article_published_time":"2024-05-13T12:03:22+00:00","article_modified_time":"2024-05-13T12:03:23+00:00","og_image":[{"url":"https:\/\/lesmanufacturiers.fr\/wp-content\/uploads\/2024\/05\/image.jpeg"}],"author":"admin5261","twitter_card":"summary_large_image","twitter_misc":{"Written by":"admin5261","Est. reading time":"2 minutes"},"schema":{"@context":"https:\/\/schema.org","@graph":[{"@type":"Article","@id":"https:\/\/lesmanufacturiers.fr\/index.php\/2024\/05\/13\/les-manufacturiers-un-nouveau-projet-immobilier\/#article","isPartOf":{"@id":"https:\/\/lesmanufacturiers.fr\/index.php\/2024\/05\/13\/les-manufacturiers-un-nouveau-projet-immobilier\/"},"author":{"name":"admin5261","@id":"https:\/\/lesmanufacturiers.fr\/#\/schema\/person\/80e494427d6550ab33c0f7c5a89be7ea"},"headline":"Les Manufacturiers : Un nouveau projet immobilier","datePublished":"2024-05-13T12:03:22+00:00","dateModified":"2024-05-13T12:03:23+00:00","mainEntityOfPage":{"@id":"https:\/\/lesmanufacturiers.fr\/index.php\/2024\/05\/13\/les-manufacturiers-un-nouveau-projet-immobilier\/"},"wordCount":301,"commentCount":0,"publisher":{"@id":"https:\/\/lesmanufacturiers.fr\/#organization"},"articleSection":["Non class\u00e9"],"inLanguage":"en-US","potentialAction":[{"@type":"CommentAction","name":"Comment","target":["https:\/\/lesmanufacturiers.fr\/index.php\/2024\/05\/13\/les-manufacturiers-un-nouveau-projet-immobilier\/#respond"]}]},{"@type":"WebPage","@id":"https:\/\/lesmanufacturiers.fr\/index.php\/2024\/05\/13\/les-manufacturiers-un-nouveau-projet-immobilier\/","url":"https:\/\/lesmanufacturiers.fr\/index.php\/2024\/05\/13\/les-manufacturiers-un-nouveau-projet-immobilier\/","name":"Les Manufacturiers : Un nouveau projet immobilier - Les manufacturiers","isPartOf":{"@id":"https:\/\/lesmanufacturiers.fr\/#website"},"datePublished":"2024-05-13T12:03:22+00:00","dateModified":"2024-05-13T12:03:23+00:00","breadcrumb":{"@id":"https:\/\/lesmanufacturiers.fr\/index.php\/2024\/05\/13\/les-manufacturiers-un-nouveau-projet-immobilier\/#breadcrumb"},"inLanguage":"en-US","potentialAction":[{"@type":"ReadAction","target":["https:\/\/lesmanufacturiers.fr\/index.php\/2024\/05\/13\/les-manufacturiers-un-nouveau-projet-immobilier\/"]}]},{"@type":"BreadcrumbList","@id":"https:\/\/lesmanufacturiers.fr\/index.php\/2024\/05\/13\/les-manufacturiers-un-nouveau-projet-immobilier\/#breadcrumb","itemListElement":[{"@type":"ListItem","position":1,"name":"Accueil","item":"https:\/\/lesmanufacturiers.fr\/"},{"@type":"ListItem","position":2,"name":"Les Manufacturiers : Un nouveau projet immobilier"}]},{"@type":"WebSite","@id":"https:\/\/lesmanufacturiers.fr\/#website","url":"https:\/\/lesmanufacturiers.fr\/","name":"Les manufacturiers","description":"Villeneuve-les-B\u00e9ziers","publisher":{"@id":"https:\/\/lesmanufacturiers.fr\/#organization"},"potentialAction":[{"@type":"SearchAction","target":{"@type":"EntryPoint","urlTemplate":"https:\/\/lesmanufacturiers.fr\/?s={search_term_string}"},"query-input":"required name=search_term_string"}],"inLanguage":"en-US"},{"@type":"Organization","@id":"https:\/\/lesmanufacturiers.fr\/#organization","name":"Les Manufacturiers","alternateName":"LM","url":"https:\/\/lesmanufacturiers.fr\/","logo":{"@type":"ImageObject","inLanguage":"en-US","@id":"https:\/\/lesmanufacturiers.fr\/#\/schema\/logo\/image\/","url":"https:\/\/lesmanufacturiers.fr\/wp-content\/uploads\/2023\/09\/les-manufacturiers_logo-final_blanccouleurs_fond-noir_rvb-Copie-scaled.jpg","contentUrl":"https:\/\/lesmanufacturiers.fr\/wp-content\/uploads\/2023\/09\/les-manufacturiers_logo-final_blanccouleurs_fond-noir_rvb-Copie-scaled.jpg","width":2560,"height":1813,"caption":"Les Manufacturiers"},"image":{"@id":"https:\/\/lesmanufacturiers.fr\/#\/schema\/logo\/image\/"},"sameAs":["https:\/\/www.facebook.com\/profile.php?id=61551785083090","https:\/\/www.instagram.com\/lesmanufacturiers_\/"]},{"@type":"Person","@id":"https:\/\/lesmanufacturiers.fr\/#\/schema\/person\/80e494427d6550ab33c0f7c5a89be7ea","name":"admin5261","image":{"@type":"ImageObject","inLanguage":"en-US","@id":"https:\/\/lesmanufacturiers.fr\/#\/schema\/person\/image\/","url":"https:\/\/secure.gravatar.com\/avatar\/87670d0566c1e8966aabe752688c2462c216523c6575180030cb9f821c34acee?s=96&d=mm&r=g","contentUrl":"https:\/\/secure.gravatar.com\/avatar\/87670d0566c1e8966aabe752688c2462c216523c6575180030cb9f821c34acee?s=96&d=mm&r=g","caption":"admin5261"},"sameAs":["http:\/\/lesmanufacturiers.fr"],"url":"https:\/\/lesmanufacturiers.fr\/index.php\/author\/admin5261\/"}]}},"_links":{"self":[{"href":"https:\/\/lesmanufacturiers.fr\/index.php\/wp-json\/wp\/v2\/posts\/830","targetHints":{"allow":["GET"]}}],"collection":[{"href":"https:\/\/lesmanufacturiers.fr\/index.php\/wp-json\/wp\/v2\/posts"}],"about":[{"href":"https:\/\/lesmanufacturiers.fr\/index.php\/wp-json\/wp\/v2\/types\/post"}],"author":[{"embeddable":true,"href":"https:\/\/lesmanufacturiers.fr\/index.php\/wp-json\/wp\/v2\/users\/1"}],"replies":[{"embeddable":true,"href":"https:\/\/lesmanufacturiers.fr\/index.php\/wp-json\/wp\/v2\/comments?post=830"}],"version-history":[{"count":1,"href":"https:\/\/lesmanufacturiers.fr\/index.php\/wp-json\/wp\/v2\/posts\/830\/revisions"}],"predecessor-version":[{"id":831,"href":"https:\/\/lesmanufacturiers.fr\/index.php\/wp-json\/wp\/v2\/posts\/830\/revisions\/831"}],"wp:attachment":[{"href":"https:\/\/lesmanufacturiers.fr\/index.php\/wp-json\/wp\/v2\/media?parent=830"}],"wp:term":[{"taxonomy":"category","embeddable":true,"href":"https:\/\/lesmanufacturiers.fr\/index.php\/wp-json\/wp\/v2\/categories?post=830"},{"taxonomy":"post_tag","embeddable":true,"href":"https:\/\/lesmanufacturiers.fr\/index.php\/wp-json\/wp\/v2\/tags?post=830"}],"curies":[{"name":"wp","href":"https:\/\/api.w.org\/{rel}","templated":true}]}}